{"id":24804,"date":"2011-10-11T09:14:37","date_gmt":"2011-10-11T08:14:37","guid":{"rendered":"http:\/\/www.filindeblogg.nu\/?p=24804"},"modified":"2011-10-11T09:19:56","modified_gmt":"2011-10-11T08:19:56","slug":"ar-reinfeldt-trollkarl-eller-jesus-ger-sjuka-halsan-tillbaka","status":"publish","type":"post","link":"http:\/\/www.filindeblogg.nu\/?p=24804","title":{"rendered":"\u00c4r Reinfeldt trollkarl eller Jesus? Ger sjuka h\u00e4lsan tillbaka!"},"content":{"rendered":"<p><a href=\"http:\/\/www.filindeblogg.nu\/?attachment_id=24805\" rel=\"attachment wp-att-24805\"><img loading=\"lazy\" class=\"alignnone size-full wp-image-24805\" title=\"Trollkarlshatt\" src=\"http:\/\/www.filindeblogg.nu\/wp-content\/uploads\/2011\/10\/Trollkarlshatt.jpg\" alt=\"\" width=\"104\" height=\"86\" \/><\/a> \u00c4r <strong>Fredrik Reinfeldt<\/strong> trollkarl? Eller jultomten!? <a href=\"http:\/\/www.filindeblogg.nu\/?attachment_id=24806\" rel=\"attachment wp-att-24806\"><img loading=\"lazy\" class=\"alignnone size-full wp-image-24806\" title=\"Reinfeldt trollkarl eller jultomte\" src=\"http:\/\/www.filindeblogg.nu\/wp-content\/uploads\/2011\/10\/Reinfeldt-trollkarl-eller-jultomte.jpg\" alt=\"\" width=\"106\" height=\"70\" \/><\/a><\/p>\n<p>Kanske kan han som <strong>Jesus<\/strong> &#8211; uppv\u00e4cka d\u00f6da och hela sjuka och lama!? <a href=\"http:\/\/www.filindeblogg.nu\/?attachment_id=24807\" rel=\"attachment wp-att-24807\"><img loading=\"lazy\" class=\"alignnone size-full wp-image-24807\" title=\"Jesus\" src=\"http:\/\/www.filindeblogg.nu\/wp-content\/uploads\/2011\/10\/Jesus.jpg\" alt=\"\" width=\"148\" height=\"122\" \/><\/a><\/p>\n<p>Ja, n\u00e5got skumt \u00e4r det med den killen f\u00f6r den 1 juli i \u00e5r f\u00f6rsvann alla sjuka \u00f6ver en natt! Fr\u00e5n helt sjukskrivna med 100 % sjukers\u00e4ttning &#8211; till en plats p\u00e5 Arbetsf\u00f6rmedlingen!! Snacka om stord\u00e5d!\u00a0 H\u00e4r talar vi UNDER!!<\/p>\n<p>F\u00f6r inte kan det v\u00e4l vara s\u00e5 att det bara \u00e4r en lek med siffror och ord? Frisering av statistik?\u00a0 <a href=\"http:\/\/www.filindeblogg.nu\/?attachment_id=24808\" rel=\"attachment wp-att-24808\"><img loading=\"lazy\" class=\"alignnone size-full wp-image-24808\" title=\"Statistik\" src=\"http:\/\/www.filindeblogg.nu\/wp-content\/uploads\/2011\/10\/Statistik.jpg\" alt=\"\" width=\"155\" height=\"116\" \/><\/a>Flytta pengar mellan olika kassor och f\u00f6rs\u00f6ka komma undan s\u00e5 mycket st\u00e5lar som m\u00f6jligt!? <a href=\"http:\/\/www.filindeblogg.nu\/?attachment_id=24809\" rel=\"attachment wp-att-24809\"><img loading=\"lazy\" class=\"alignnone size-medium wp-image-24809\" title=\"Sedlar byter \u00e4gare\" src=\"http:\/\/www.filindeblogg.nu\/wp-content\/uploads\/2011\/10\/Sedlar-byter-%C3%A4gare-300x168.jpg\" alt=\"\" width=\"180\" height=\"101\" \/><\/a> G\u00f6ra rika rikare och fattiga s\u00e5 mycket fattigare &#8211; ovanp\u00e5 sjukdomen d\u00e5 &#8211; som ju \u00e4r borttrollad&#8230; ??<\/p>\n<p>Nej, jag litar inte alls p\u00e5 den karln! Inte p\u00e5 resten av regeringen heller! Den vill oss inte v\u00e4l! Inte mig och mina gelikar i alla fall<a href=\"http:\/\/www.dn.se\/nyheter\/politik\/juholts-logipengar-forsvann\" target=\"_blank\">.<\/a> Spott och spe f\u00e5r man<a href=\"http:\/\/www.svd.se\/nyheter\/inrikes\/juholt-betalade-inte-tillbaka-resepengar_6541451.svd\" target=\"_blank\"> &#8211; <\/a>men ingen hj\u00e4lp och inga pengar heller. \ud83d\ude41<\/p>\n<p>Om trollkarlen varit framme i <strong>K\u00f6ping<\/strong> l\u00e5ter jag vara osagt men katten<strong> Gizmo<\/strong> kom hem i alla fall efter 23 dagar! <a href=\"http:\/\/www.filindeblogg.nu\/?attachment_id=24810\" rel=\"attachment wp-att-24810\"><img loading=\"lazy\" class=\"alignnone size-medium wp-image-24810\" title=\"IMG_9955 (2)\" src=\"http:\/\/www.filindeblogg.nu\/wp-content\/uploads\/2011\/10\/IMG_9955-2-300x225.jpg\" alt=\"\" width=\"180\" height=\"135\" srcset=\"http:\/\/www.filindeblogg.nu\/wp-content\/uploads\/2011\/10\/IMG_9955-2-300x225.jpg 300w, http:\/\/www.filindeblogg.nu\/wp-content\/uploads\/2011\/10\/IMG_9955-2.jpg 461w\" sizes=\"(max-width: 180px) 100vw, 180px\" \/><\/a> Jag vet hur det \u00e4r att sakna sin kisse! Imorse n\u00e4r jag vaknade tog jag min runda f\u00f6r att kolla var mina tre katter h\u00f6ll hus. Jag visste ungef\u00e4r var jag skulle hitta dom &#8211; och jag hade r\u00e4tt! <a href=\"http:\/\/www.filindeblogg.nu\/?attachment_id=24811\" rel=\"attachment wp-att-24811\"><img loading=\"lazy\" class=\"alignnone size-medium wp-image-24811\" title=\"IMG_9944 (2)\" src=\"http:\/\/www.filindeblogg.nu\/wp-content\/uploads\/2011\/10\/IMG_9944-2-300x225.jpg\" alt=\"\" width=\"180\" height=\"135\" srcset=\"http:\/\/www.filindeblogg.nu\/wp-content\/uploads\/2011\/10\/IMG_9944-2-300x225.jpg 300w, http:\/\/www.filindeblogg.nu\/wp-content\/uploads\/2011\/10\/IMG_9944-2.jpg 461w\" sizes=\"(max-width: 180px) 100vw, 180px\" \/><\/a> <strong>Wilma<\/strong> p\u00e5 dotterns stol i sovrummet<a href=\"http:\/\/hd.se\/inrikes\/2011\/10\/11\/de-flesta-kan-riksdagens-regler\/\" target=\"_blank\">.<\/a> Hennes favoritplats! D\u00e4r v\u00e4ntar och v\u00e4ntar hon tills dottern ska komma hem.<\/p>\n<p>Vidare in i vardagsrummet<a href=\"http:\/\/www.expressen.se\/nyheter\/1.2587756\/nu-far-riksdagsledamoterna-paokt\" target=\"_blank\">.<\/a> Jag kikade upp mot bokhyllans topp &#8211; och mycket riktigt! D\u00e4r tronade <strong>Curry<\/strong> p\u00e5 sin \u00e4lsklingsplats h\u00f6gt \u00f6ver alla andra! <a href=\"http:\/\/www.filindeblogg.nu\/?attachment_id=24812\" rel=\"attachment wp-att-24812\"><img loading=\"lazy\" class=\"alignnone size-medium wp-image-24812\" title=\"IMG_9950 (2)\" src=\"http:\/\/www.filindeblogg.nu\/wp-content\/uploads\/2011\/10\/IMG_9950-2-300x225.jpg\" alt=\"\" width=\"180\" height=\"135\" srcset=\"http:\/\/www.filindeblogg.nu\/wp-content\/uploads\/2011\/10\/IMG_9950-2-300x225.jpg 300w, http:\/\/www.filindeblogg.nu\/wp-content\/uploads\/2011\/10\/IMG_9950-2.jpg 461w\" sizes=\"(max-width: 180px) 100vw, 180px\" \/><\/a><\/p>\n<p><strong>Felix<\/strong> d\u00e5? Ja, honom f\u00f6rv\u00e4ntade jag mig inte att finna inomhus &#8211; och s\u00e5 r\u00e4tt jag hade! En titt ut genom f\u00f6nstret gav detta: <a href=\"http:\/\/www.filindeblogg.nu\/?attachment_id=24813\" rel=\"attachment wp-att-24813\"><img loading=\"lazy\" class=\"alignnone size-medium wp-image-24813\" title=\"IMG_9951 (3)\" src=\"http:\/\/www.filindeblogg.nu\/wp-content\/uploads\/2011\/10\/IMG_9951-3-225x300.jpg\" alt=\"\" width=\"135\" height=\"180\" srcset=\"http:\/\/www.filindeblogg.nu\/wp-content\/uploads\/2011\/10\/IMG_9951-3-225x300.jpg 225w, http:\/\/www.filindeblogg.nu\/wp-content\/uploads\/2011\/10\/IMG_9951-3.jpg 346w\" sizes=\"(max-width: 135px) 100vw, 135px\" \/><\/a> Jag \u00f6ppnade porten och glatt kom han springande in! <a href=\"http:\/\/www.filindeblogg.nu\/?attachment_id=24814\" rel=\"attachment wp-att-24814\"><img loading=\"lazy\" class=\"alignnone size-medium wp-image-24814\" title=\"IMG_9952 (2)\" src=\"http:\/\/www.filindeblogg.nu\/wp-content\/uploads\/2011\/10\/IMG_9952-2-225x300.jpg\" alt=\"\" width=\"135\" height=\"180\" srcset=\"http:\/\/www.filindeblogg.nu\/wp-content\/uploads\/2011\/10\/IMG_9952-2-225x300.jpg 225w, http:\/\/www.filindeblogg.nu\/wp-content\/uploads\/2011\/10\/IMG_9952-2.jpg 346w\" sizes=\"(max-width: 135px) 100vw, 135px\" \/><\/a> Inget trolleri med det alls!<\/p>\n<p>Men lite av en trollkarl upplevde jag nog mig sj\u00e4lv ig\u00e5r<a href=\"http:\/\/www.aftonbladet.se\/nyheter\/article13760294.ab\" target=\"_blank\">.<\/a> Eller kanske mer som <em>&#8221;Pojken med guldbyxorna&#8221;<\/em>! <a href=\"http:\/\/www.filindeblogg.nu\/?attachment_id=24815\" rel=\"attachment wp-att-24815\"><img loading=\"lazy\" class=\"alignnone size-medium wp-image-24815\" title=\"Pojken med guldbyxorna\" src=\"http:\/\/www.filindeblogg.nu\/wp-content\/uploads\/2011\/10\/Pojken-med-guldbyxorna-296x300.png\" alt=\"\" width=\"125\" height=\"126\" srcset=\"http:\/\/www.filindeblogg.nu\/wp-content\/uploads\/2011\/10\/Pojken-med-guldbyxorna-296x300.png 296w, http:\/\/www.filindeblogg.nu\/wp-content\/uploads\/2011\/10\/Pojken-med-guldbyxorna-150x150.png 150w, http:\/\/www.filindeblogg.nu\/wp-content\/uploads\/2011\/10\/Pojken-med-guldbyxorna.png 474w\" sizes=\"(max-width: 125px) 100vw, 125px\" \/><\/a><\/p>\n<p>Jag tyckte jag s\u00e5g en &#8221;tjuga&#8221; sticka upp i k\u00f6kssk\u00e5pet &#8211; och visst var det en tjugokronorssedel! <a href=\"http:\/\/www.filindeblogg.nu\/?attachment_id=24816\" rel=\"attachment wp-att-24816\"><img loading=\"lazy\" class=\"alignnone size-medium wp-image-24816\" title=\"IMG_9935 (2)\" src=\"http:\/\/www.filindeblogg.nu\/wp-content\/uploads\/2011\/10\/IMG_9935-2-225x300.jpg\" alt=\"\" width=\"135\" height=\"180\" srcset=\"http:\/\/www.filindeblogg.nu\/wp-content\/uploads\/2011\/10\/IMG_9935-2-225x300.jpg 225w, http:\/\/www.filindeblogg.nu\/wp-content\/uploads\/2011\/10\/IMG_9935-2.jpg 346w\" sizes=\"(max-width: 135px) 100vw, 135px\" \/><\/a> H\u00e4pen gr\u00e4vde jag vidare d\u00e4r bakom sk\u00e5larna, faten och elvispen! <a href=\"http:\/\/www.filindeblogg.nu\/?attachment_id=24817\" rel=\"attachment wp-att-24817\"><img loading=\"lazy\" class=\"alignnone size-medium wp-image-24817\" title=\"IMG_9937 (2)\" src=\"http:\/\/www.filindeblogg.nu\/wp-content\/uploads\/2011\/10\/IMG_9937-2-225x300.jpg\" alt=\"\" width=\"135\" height=\"180\" srcset=\"http:\/\/www.filindeblogg.nu\/wp-content\/uploads\/2011\/10\/IMG_9937-2-225x300.jpg 225w, http:\/\/www.filindeblogg.nu\/wp-content\/uploads\/2011\/10\/IMG_9937-2.jpg 346w\" sizes=\"(max-width: 135px) 100vw, 135px\" \/><\/a> Fler!<\/p>\n<p>Och \u00e4nnu fler!! <a href=\"http:\/\/www.filindeblogg.nu\/?attachment_id=24818\" rel=\"attachment wp-att-24818\"><img loading=\"lazy\" class=\"alignnone size-medium wp-image-24818\" title=\"IMG_9936 (2)\" src=\"http:\/\/www.filindeblogg.nu\/wp-content\/uploads\/2011\/10\/IMG_9936-2-225x300.jpg\" alt=\"\" width=\"135\" height=\"180\" srcset=\"http:\/\/www.filindeblogg.nu\/wp-content\/uploads\/2011\/10\/IMG_9936-2-225x300.jpg 225w, http:\/\/www.filindeblogg.nu\/wp-content\/uploads\/2011\/10\/IMG_9936-2.jpg 346w\" sizes=\"(max-width: 135px) 100vw, 135px\" \/><\/a> En riktig guldgruva d\u00e4r i sk\u00e5pet!! \ud83d\ude00 Det fanns annat ocks\u00e5: <a href=\"http:\/\/www.filindeblogg.nu\/?attachment_id=24819\" rel=\"attachment wp-att-24819\"><img loading=\"lazy\" class=\"alignnone size-medium wp-image-24819\" title=\"IMG_9939 (2)\" src=\"http:\/\/www.filindeblogg.nu\/wp-content\/uploads\/2011\/10\/IMG_9939-2-300x225.jpg\" alt=\"\" width=\"180\" height=\"135\" srcset=\"http:\/\/www.filindeblogg.nu\/wp-content\/uploads\/2011\/10\/IMG_9939-2-300x225.jpg 300w, http:\/\/www.filindeblogg.nu\/wp-content\/uploads\/2011\/10\/IMG_9939-2.jpg 461w\" sizes=\"(max-width: 180px) 100vw, 180px\" \/><\/a> Choklad! Men den gick i kompostp\u00e5sen! Datumet p\u00e5 godsakerna hade passerat med flera \u00e5r! F\u00f6rmodligen hade jag sparat undan s\u00e5v\u00e4l pengar som godis &#8221;for a rainy day&#8221;. \ud83d\ude42<\/p>\n<p>Guldgruvan \u00e4r nu t\u00f6md och jag tror inte fler trollerier sker d\u00e4r i k\u00f6kssk\u00e5pet s\u00e5 eventuella tjuvaktiga g\u00f6re sig ej besv\u00e4r!<\/p>\n<p style=\"text-align: left;\"><strong><em>\u00a0&#8221;Save it for a rainy day&#8221;<\/em><\/strong>, ja! Nu kommer snart regndagarna n\u00e4r h\u00f6sten \u00e4r h\u00e4r. Fast idag lyser solen och s\u00e5 h\u00e4r vackert kan ett daggv\u00e5tt blad fr\u00e5n lupinen te sig en tidig morgon! <a href=\"http:\/\/www.filindeblogg.nu\/?attachment_id=24820\" rel=\"attachment wp-att-24820\"><img loading=\"lazy\" class=\"aligncenter size-medium wp-image-24820\" title=\"IMG_9921 (2)\" src=\"http:\/\/www.filindeblogg.nu\/wp-content\/uploads\/2011\/10\/IMG_9921-2-300x225.jpg\" alt=\"\" width=\"210\" height=\"158\" srcset=\"http:\/\/www.filindeblogg.nu\/wp-content\/uploads\/2011\/10\/IMG_9921-2-300x225.jpg 300w, http:\/\/www.filindeblogg.nu\/wp-content\/uploads\/2011\/10\/IMG_9921-2.jpg 461w\" sizes=\"(max-width: 210px) 100vw, 210px\" \/><\/a><\/p>\n<p>&nbsp;<\/p>\n","protected":false},"excerpt":{"rendered":"<p>\u00c4r Fredrik Reinfeldt trollkarl? Eller jultomten!? Kanske kan han som Jesus &#8211; uppv\u00e4cka d\u00f6da och hela sjuka och lama!? Ja, n\u00e5got skumt \u00e4r det med den killen f\u00f6r den 1 juli i \u00e5r f\u00f6rsvann alla sjuka \u00f6ver en natt! Fr\u00e5n helt sjukskrivna med 100 % sjukers\u00e4ttning &#8211; till en plats p\u00e5 Arbetsf\u00f6rmedlingen!! Snacka om stord\u00e5d!\u00a0 [&hellip;]<\/p>\n","protected":false},"author":1,"featured_media":0,"comment_status":"open","ping_status":"open","sticky":false,"template":"","format":"standard","meta":[],"categories":[125,106,41,119,128,101],"tags":[],"_links":{"self":[{"href":"http:\/\/www.filindeblogg.nu\/index.php?rest_route=\/wp\/v2\/posts\/24804"}],"collection":[{"href":"http:\/\/www.filindeblogg.nu\/index.php?rest_route=\/wp\/v2\/posts"}],"about":[{"href":"http:\/\/www.filindeblogg.nu\/index.php?rest_route=\/wp\/v2\/types\/post"}],"author":[{"embeddable":true,"href":"http:\/\/www.filindeblogg.nu\/index.php?rest_route=\/wp\/v2\/users\/1"}],"replies":[{"embeddable":true,"href":"http:\/\/www.filindeblogg.nu\/index.php?rest_route=%2Fwp%2Fv2%2Fcomments&post=24804"}],"version-history":[{"count":29,"href":"http:\/\/www.filindeblogg.nu\/index.php?rest_route=\/wp\/v2\/posts\/24804\/revisions"}],"predecessor-version":[{"id":24849,"href":"http:\/\/www.filindeblogg.nu\/index.php?rest_route=\/wp\/v2\/posts\/24804\/revisions\/24849"}],"wp:attachment":[{"href":"http:\/\/www.filindeblogg.nu\/index.php?rest_route=%2Fwp%2Fv2%2Fmedia&parent=24804"}],"wp:term":[{"taxonomy":"category","embeddable":true,"href":"http:\/\/www.filindeblogg.nu\/index.php?rest_route=%2Fwp%2Fv2%2Fcategories&post=24804"},{"taxonomy":"post_tag","embeddable":true,"href":"http:\/\/www.filindeblogg.nu\/index.php?rest_route=%2Fwp%2Fv2%2Ftags&post=24804"}],"curies":[{"name":"wp","href":"https:\/\/api.w.org\/{rel}","templated":true}]}}