{"id":24660,"date":"2011-10-07T07:48:05","date_gmt":"2011-10-07T06:48:05","guid":{"rendered":"http:\/\/www.filindeblogg.nu\/?p=24660"},"modified":"2011-10-07T07:48:06","modified_gmt":"2011-10-07T06:48:06","slug":"mindre-snack-och-mer-verkstad-arbetsformedlingen-och-om-nar-nobel-blev-folklig","status":"publish","type":"post","link":"http:\/\/www.filindeblogg.nu\/?p=24660","title":{"rendered":"Mindre snack och mer verkstad Arbetsf\u00f6rmedlingen! Och om n\u00e4r Nobel blev folklig!"},"content":{"rendered":"<p><a href=\"http:\/\/www.filindeblogg.nu\/?attachment_id=24661\" rel=\"attachment wp-att-24661\"><img loading=\"lazy\" class=\"alignnone size-full wp-image-24661\" title=\"omslag Af Se Kraften\" src=\"http:\/\/www.filindeblogg.nu\/wp-content\/uploads\/2011\/10\/omslag-Af-Se-Kraften.jpg\" alt=\"\" width=\"213\" height=\"282\" \/><\/a> <strong>Se kraften!<\/strong> uppmanar <strong>Arbetsf\u00f6rmedlingen<\/strong>. Jaha &#8211; som om den f\u00f6rmedlingen n\u00e5gonsin sett m\u00e4nniskor i form av kraftresurser &#8211; \u00e4n mindre s\u00e5dana som har det sv\u00e5rare att komma ut p\u00e5 arbetsmarknaden<a href=\"http:\/\/www.aftonbladet.se\/nyheter\/article13741591.ab\" target=\"_blank\">.<\/a><\/p>\n<p>Klicka <a href=\"http:\/\/www.arbetsformedlingen.se\/For-arbetsgivare\/Stod-och-service\/Erbjudanden\/Se-kraften.html\" target=\"_blank\"><strong>H\u00c4R<\/strong> <\/a>f\u00f6r att komma till h\u00e4ftet som beskriver hur Arbetsf\u00f6rmedlingen hj\u00e4lper ALLA att f\u00e5 jobb. Vanliga Svenssons men ocks\u00e5 invandrare, enbenta, synskadade, rullstolsburna, CP-skadade &#8211; ja, t o m en person med Aspergers syndrom finns med p\u00e5 en bild! <a href=\"http:\/\/www.filindeblogg.nu\/?attachment_id=24662\" rel=\"attachment wp-att-24662\"><img loading=\"lazy\" class=\"alignnone size-full wp-image-24662\" title=\"Se Kraften ur min tidigare blogg\" src=\"http:\/\/www.filindeblogg.nu\/wp-content\/uploads\/2011\/10\/Se-Kraften-ur-min-tidigare-blogg.jpg\" alt=\"\" width=\"135\" height=\"180\" \/><\/a><\/p>\n<p>S\u00e5 m\u00e4rkligt &#8211; bloggaren sj\u00e4lv \u00e4r en person som sannerligen beh\u00f6ver st\u00f6d och hj\u00e4lp att komma ig\u00e5ng, komma ut igen p\u00e5 arbetsmarknaden. Jag har inte m\u00e4rkt n\u00e5gonting av det st\u00f6det!<\/p>\n<p>Tv\u00e4rtom har det varit det vanliga tugget: <em>&#8221;- Vad tycker du sj\u00e4lv? Vad har du sj\u00e4lv f\u00f6r f\u00f6rslag?&#8221;<\/em><br \/>\nSitter man som arbetsf\u00f6rmedlare mitt emot en utbr\u00e4nd eldsj\u00e4l s\u00e5 borde man veta att hade denna eldsj\u00e4l kunnat s\u00e5 hade hon redan hittat alla m\u00f6jliga t\u00e4nkbara id\u00e9er och f\u00f6rslag och fixat det &#8211; sj\u00e4lv!<br \/>\n\u00c4r man en kunnig, intresserad arbetsf\u00f6rmedlare s\u00e5 vet man att det \u00e4r inte d\u00e4r haken sitter! Eldsj\u00e4lar har hur mycket kreativitet och id\u00e9rikedom som helst &#8211; det \u00e4r inte det som \u00e4r problemet<a href=\"http:\/\/hd.se\/helsingborg\/2011\/10\/06\/eldsjalar-tog-stallning-mot-valdet\/\" target=\"_blank\">.<\/a> En utbr\u00e4nd person \u00e4r br\u00e4nd och vet inte HUR MYCKET den orkar! Och inte heller MED VAD han eller hon skulle passa in f\u00f6r att g\u00f6ra ett jobb utan att n\u00e4rma sig v\u00e4ggen igen.<a href=\"http:\/\/www.filindeblogg.nu\/?attachment_id=24663\" rel=\"attachment wp-att-24663\"><img loading=\"lazy\" class=\"alignnone size-full wp-image-24663\" title=\"Utbr\u00e4nd\" src=\"http:\/\/www.filindeblogg.nu\/wp-content\/uploads\/2011\/10\/Utbr%C3%A4nd.jpg\" alt=\"\" width=\"198\" height=\"131\" \/><\/a><\/p>\n<p>Mindre snack och mer verkstad &#8211; \u00e4r vad man \u00f6nskar av Arbetsf\u00f6rmedlingen. Men kommer det att bli s\u00e5? Fan tro&#8217;t!<\/p>\n<p>Snacka om att det \u00e4r ett oerh\u00f6rt sl\u00f6seri med resurser att inte ta tillvara m\u00e4nniskor! <strong>ALLA \u00c4R INTE 100%-ARE!!<\/strong> Men 25 % h\u00e4r och 25 %\u00a0 d\u00e4r plus en 50%-are g\u00f6r 100! T\u00e4nk om! T\u00e4nk nytt! T\u00e4nk ekonomi och t\u00e4nk medm\u00e4nsklighet!<\/p>\n<p><a href=\"http:\/\/www.filindeblogg.nu\/?attachment_id=24664\" rel=\"attachment wp-att-24664\"><img loading=\"lazy\" class=\"alignnone size-medium wp-image-24664\" title=\"IMG_9816 (2)\" src=\"http:\/\/www.filindeblogg.nu\/wp-content\/uploads\/2011\/10\/IMG_9816-2-300x225.jpg\" alt=\"\" width=\"300\" height=\"225\" srcset=\"http:\/\/www.filindeblogg.nu\/wp-content\/uploads\/2011\/10\/IMG_9816-2-300x225.jpg 300w, http:\/\/www.filindeblogg.nu\/wp-content\/uploads\/2011\/10\/IMG_9816-2.jpg 461w\" sizes=\"(max-width: 300px) 100vw, 300px\" \/><\/a>\u00a0Det finns privata akt\u00f6rer som ocks\u00e5 gett upp om Arbetsf\u00f6rmedlingen. Jag l\u00e4ser i tidningen\u00a0 <a href=\"http:\/\/www.dagenssamhalle.se\/\" target=\"_blank\"><strong>Dagens Samh\u00e4lle<\/strong> <\/a>om ett bostadsbolag i <strong>Halmstad<\/strong> som tycker det \u00e4r jobbigt med hyresg\u00e4ster som inte har arbete<a href=\"http:\/\/www.dn.se\/nyheter\/sverige\/kommunal-chef-anstallde-sin-dotter\" target=\"_blank\">. <\/a>Inget arbete &#8211; sv\u00e5rare att betala hyran, s\u00e5 resonerar man och anst\u00e4ller en egen arbetsf\u00f6rmedlare!<\/p>\n<p>Tja, livet \u00e4r h\u00e5rt och tyv\u00e4rr ska man nog inte r\u00e4kna med Arbetsf\u00f6rmedlingen. N\u00e4r jag s\u00f6kte jobb p\u00e5 70-talet var Af inte till hj\u00e4lp d\u00e5 heller. Jag fixade jobb sj\u00e4lv i<strong> Stockholm<\/strong>. Barnen har gjort samma sak &#8211; via kontakter och v\u00e4nner hittat jobben<a href=\"http:\/\/gt.expressen.se\/nyheter\/1.2583731\/kommunchef-gav-dotter-jobb\" target=\"_blank\">.<\/a> V\u00e4nner och bekanta kan ber\u00e4tta detsamma.<\/p>\n<p><a href=\"http:\/\/www.filindeblogg.nu\/?attachment_id=24666\" rel=\"attachment wp-att-24666\"><img loading=\"lazy\" class=\"alignnone size-full wp-image-24666\" title=\"Arbete p\u00e5g\u00e5r\" src=\"http:\/\/www.filindeblogg.nu\/wp-content\/uploads\/2011\/10\/Arbete-p%C3%A5g%C3%A5r.jpg\" alt=\"\" width=\"135\" height=\"135\" \/><\/a>\u00a0Jag har faktiskt g\u00e5tt s\u00e5 l\u00e5ngt att jag erbjudit mig att jobba p\u00e5 just Arbetsf\u00f6rmedlingen. Bara som arbetspr\u00f6vning! Jag tycker att som f d personalchef och med erfarenheter av livets tuffa skola borde jag m\u00f6jligen ha n\u00e5got att ge. Det har inte lyckats! Ingen Arbetsf\u00f6rmedling vill ta emot mig. Allts\u00e5 inte ens d\u00e4r &#8211; inom den egna verksamheten!<\/p>\n<p>N\u00e4r jag tog direktkontakt med <a href=\"http:\/\/www.eductus.se\/Default.aspx\" target=\"_blank\"><strong>Eductus<\/strong><\/a>, som beskriver sig som <em>&#8221;en kompletternade akt\u00f6r p\u00e5 arbetsmarknaden&#8221;<\/em> &#8211; och ber\u00e4ttade om mig sj\u00e4lv och vad jag hoppades kunna tillf\u00f6ra f\u00f6retaget fick jag svaret: <em>&#8221;- Vi jobbar inte p\u00e5 det viset&#8221;.<\/em> Och h\u00e4nvisade mig till att s\u00f6ka jobb bland alla andra jobbs\u00f6kare. !!<br \/>\nKanske b\u00e4st att gl\u00f6mma \u00e4ven&#8221;kompletterande akt\u00f6rer&#8221;&#8230; P\u00e5 Eductus hemsida visar man en bild p\u00e5<strong> Kalle Kamel<\/strong> och skriver att <strong>Ali<\/strong> beh\u00f6vde l\u00e4ra sig <em>&#8221;yrkessvenska f\u00f6r att bli kameltr\u00e4nare&#8221;<\/em>. ?? <a href=\"http:\/\/www.filindeblogg.nu\/?attachment_id=24665\" rel=\"attachment wp-att-24665\"><img loading=\"lazy\" class=\"alignnone size-full wp-image-24665\" title=\"Kalle Kamel\" src=\"http:\/\/www.filindeblogg.nu\/wp-content\/uploads\/2011\/10\/Kalle-Kamel.png\" alt=\"\" width=\"97\" height=\"143\" \/><\/a><\/p>\n<p>Man kan l\u00e4tt f\u00e5 k\u00e4nslan att man \u00e4r totalt v\u00e4rdel\u00f6s eller hur? Jag f\u00f6rs\u00f6ker dock uppr\u00e4tth\u00e5lla bilden av mig sj\u00e4lv som en hygglig, \u00e4rlig och sn\u00e4ll tjej som mer \u00e4n g\u00e4rna skulle vilja g\u00f6ra ett handtag. <a href=\"http:\/\/www.filindeblogg.nu\/?attachment_id=24667\" rel=\"attachment wp-att-24667\"><img loading=\"lazy\" class=\"alignnone size-full wp-image-24667\" title=\"V\u00e4rdel\u00f6s eller\" src=\"http:\/\/www.filindeblogg.nu\/wp-content\/uploads\/2011\/10\/V%C3%A4rdel%C3%B6s-eller.jpg\" alt=\"\" width=\"140\" height=\"105\" \/><\/a>Om jag bara fick chansen&#8230;<\/p>\n<p><a href=\"http:\/\/www.filindeblogg.nu\/?attachment_id=24668\" rel=\"attachment wp-att-24668\"><img loading=\"lazy\" class=\"aligncenter size-full wp-image-24668\" title=\"Tomas Transtr\u00f6mer n\u00e4rbild\" src=\"http:\/\/www.filindeblogg.nu\/wp-content\/uploads\/2011\/10\/Tomas-Transtr%C3%B6mer-n%C3%A4rbild.jpg\" alt=\"\" width=\"274\" height=\"184\" \/><\/a><\/p>\n<p>Nu till n\u00e5got helt annat! <strong>Nobelkommitt\u00e9n<\/strong> har blivit folklig! Eller vad ska man tro n\u00e4r en svensk, tillg\u00e4nglig psykolog fr\u00e5n <strong>V\u00e4ster\u00e5s<\/strong> f\u00e5r <strong>Nobelpriset i litteratur 2011!<\/strong> <strong>Tomas Transtr\u00f6mer<\/strong> \u00e4r tillg\u00e4nglig p\u00e5 flera vis, bl.a. eftersom hans m\u00e5nga b\u00f6cker finns i m\u00e4ngd att tillg\u00e5 och hans skriftspr\u00e5k b\u00f6r vara tillg\u00e4ngligt f\u00f6r de flesta m\u00e4nniskor.<\/p>\n<p>H\u00e4r n\u00e5gra rader som <strong>Lena Endre<\/strong> l\u00e4ste upp ig\u00e5r i TV4:s nythetsprogram:<\/p>\n<p style=\"text-align: center;\"><kbd>Jag \u00e5terupplever en dr\u00f6m.<br \/>\nAtt jag st\u00e5r p\u00e5 en kyrkog\u00e5rd ensam.<br \/>\n\u00d6verallt lyser ljung s\u00e5 l\u00e5ngt \u00f6gat n\u00e5r.<br \/>\nVem v\u00e4ntar jag p\u00e5?<br \/>\nEn v\u00e4n.<br \/>\nVarf\u00f6r kommer han inte?<br \/>\nHan \u00e4r redan h\u00e4r.<\/kbd><\/p>\n<p style=\"text-align: left;\">S\u00e5 fantastiskt vackert och \u00e4nd\u00e5 s\u00e5 enkelt. T\u00e5rar f\u00f6ll nedf\u00f6r mina kinder n\u00e4r jag h\u00f6rde dikten. Nu vet jag precis vad som st\u00e5r \u00f6verst p\u00e5 min \u00f6nskelista till jul!<\/p>\n<p style=\"text-align: left;\"><a href=\"http:\/\/www.filindeblogg.nu\/?attachment_id=24669\" rel=\"attachment wp-att-24669\"><img loading=\"lazy\" class=\"aligncenter size-full wp-image-24669\" title=\"Tomas Transtr\u00f6mer\" src=\"http:\/\/www.filindeblogg.nu\/wp-content\/uploads\/2011\/10\/Tomas-Transtr%C3%B6mer.jpg\" alt=\"\" width=\"289\" height=\"174\" \/><\/a><\/p>\n<p>Klicka <a href=\"http:\/\/www.albertbonniersforlag.se\/Forfattare\/Forfattarpresentation\/?personId=5920\" target=\"_blank\"><strong>H\u00c4R<\/strong> <\/a>f\u00f6r att l\u00e4sa vad Albert Bonniers f\u00f6rlag skriver om Tomas Transtr\u00f6mer.<\/p>\n<p>En person som alltid n\u00e4mns varje \u00e5r i samband med Nobelpriset i litteratur \u00e4r <strong>Astrid Lindgren.<\/strong>\u00a0\u00a0<a href=\"http:\/\/www.filindeblogg.nu\/?attachment_id=24670\" rel=\"attachment wp-att-24670\"><img loading=\"lazy\" class=\"alignnone size-full wp-image-24670\" title=\"Astrid Lindgren\" src=\"http:\/\/www.filindeblogg.nu\/wp-content\/uploads\/2011\/10\/Astrid-Lindgren.jpg\" alt=\"\" width=\"113\" height=\"160\" \/><\/a> I en chat med<strong> Per W\u00e4stberg<\/strong> p\u00e5 <a href=\"http:\/\/www.svd.se\/nyheter\/inrikes\/nobel-kommentar-kaj-schueler_6531316.svd\" target=\"_blank\"><strong>Svenska Dagbladets<\/strong><\/a> hemsida l\u00e4ser jag att en kvinna uppfattar detta som &#8221;tjat&#8221;.<br \/>\nJa, forts\u00e4tta tjata om att Astrid ska f\u00e5 Nobelpriset! Hon fick det tyv\u00e4rr aldrig under sin levnad men b\u00f6r f\u00e5 det postumt! Hennes b\u00f6cker l\u00e4ses runt om i hela v\u00e4rlden och har varit till st\u00f6d och hj\u00e4lp f\u00f6rutom gl\u00e4dje f\u00f6r m\u00e5nga barn och deras anh\u00f6riga!<\/p>\n<p><a href=\"http:\/\/www.filindeblogg.nu\/?attachment_id=24671\" rel=\"attachment wp-att-24671\"><img loading=\"lazy\" class=\"aligncenter size-medium wp-image-24671\" title=\"Astrid Lindgrens ord om att \u00f6sa k\u00e4rlek \u00f6ver barn\" src=\"http:\/\/www.filindeblogg.nu\/wp-content\/uploads\/2011\/10\/Astrid-Lindgrens-ord-om-att-%C3%B6sa-k%C3%A4rlek-%C3%B6ver-barn-300x225.jpg\" alt=\"\" width=\"300\" height=\"225\" \/><\/a><\/p>\n<p>S\u00e5 sant! S\u00e5 riktigt! Det viktigaste i v\u00e4rlden \u00e4r K\u00c4RLEK!<\/p>\n<p>K\u00e4rlek kan ocks\u00e5 vara v\u00e4nskap och den v\u00e4nskapsk\u00e4rleken nj\u00f6t jag av ig\u00e5r. Kylan b\u00f6rjar krypa sig p\u00e5 och mitt hus \u00e4r kallt. D\u00e5 gick tacksamma tankar till <strong>Carola i Skellefte\u00e5 s<\/strong>om av ren v\u00e4nskap stickat de h\u00e4r och skickat till mig. Kram till dig Carola! Det v\u00e4rmde! \ud83d\ude42<\/p>\n<p style=\"text-align: center;\"><a href=\"http:\/\/www.filindeblogg.nu\/?attachment_id=24672\" rel=\"attachment wp-att-24672\"><img loading=\"lazy\" class=\"aligncenter size-medium wp-image-24672\" title=\"IMG_9823 (2)\" src=\"http:\/\/www.filindeblogg.nu\/wp-content\/uploads\/2011\/10\/IMG_9823-2-300x225.jpg\" alt=\"\" width=\"180\" height=\"135\" srcset=\"http:\/\/www.filindeblogg.nu\/wp-content\/uploads\/2011\/10\/IMG_9823-2-300x225.jpg 300w, http:\/\/www.filindeblogg.nu\/wp-content\/uploads\/2011\/10\/IMG_9823-2.jpg 461w\" sizes=\"(max-width: 180px) 100vw, 180px\" \/><\/a><\/p>\n<p>&nbsp;<\/p>\n","protected":false},"excerpt":{"rendered":"<p>Se kraften! uppmanar Arbetsf\u00f6rmedlingen. Jaha &#8211; som om den f\u00f6rmedlingen n\u00e5gonsin sett m\u00e4nniskor i form av kraftresurser &#8211; \u00e4n mindre s\u00e5dana som har det sv\u00e5rare att komma ut p\u00e5 arbetsmarknaden. Klicka H\u00c4R f\u00f6r att komma till h\u00e4ftet som beskriver hur Arbetsf\u00f6rmedlingen hj\u00e4lper ALLA att f\u00e5 jobb. Vanliga Svenssons men ocks\u00e5 invandrare, enbenta, synskadade, rullstolsburna, CP-skadade [&hellip;]<\/p>\n","protected":false},"author":1,"featured_media":0,"comment_status":"open","ping_status":"open","sticky":false,"template":"","format":"standard","meta":[],"categories":[125,107,106,100,119,101],"tags":[],"_links":{"self":[{"href":"http:\/\/www.filindeblogg.nu\/index.php?rest_route=\/wp\/v2\/posts\/24660"}],"collection":[{"href":"http:\/\/www.filindeblogg.nu\/index.php?rest_route=\/wp\/v2\/posts"}],"about":[{"href":"http:\/\/www.filindeblogg.nu\/index.php?rest_route=\/wp\/v2\/types\/post"}],"author":[{"embeddable":true,"href":"http:\/\/www.filindeblogg.nu\/index.php?rest_route=\/wp\/v2\/users\/1"}],"replies":[{"embeddable":true,"href":"http:\/\/www.filindeblogg.nu\/index.php?rest_route=%2Fwp%2Fv2%2Fcomments&post=24660"}],"version-history":[{"count":26,"href":"http:\/\/www.filindeblogg.nu\/index.php?rest_route=\/wp\/v2\/posts\/24660\/revisions"}],"predecessor-version":[{"id":24698,"href":"http:\/\/www.filindeblogg.nu\/index.php?rest_route=\/wp\/v2\/posts\/24660\/revisions\/24698"}],"wp:attachment":[{"href":"http:\/\/www.filindeblogg.nu\/index.php?rest_route=%2Fwp%2Fv2%2Fmedia&parent=24660"}],"wp:term":[{"taxonomy":"category","embeddable":true,"href":"http:\/\/www.filindeblogg.nu\/index.php?rest_route=%2Fwp%2Fv2%2Fcategories&post=24660"},{"taxonomy":"post_tag","embeddable":true,"href":"http:\/\/www.filindeblogg.nu\/index.php?rest_route=%2Fwp%2Fv2%2Ftags&post=24660"}],"curies":[{"name":"wp","href":"https:\/\/api.w.org\/{rel}","templated":true}]}}