{"id":24318,"date":"2011-09-27T08:04:52","date_gmt":"2011-09-27T07:04:52","guid":{"rendered":"http:\/\/www.filindeblogg.nu\/?p=24318"},"modified":"2011-09-27T08:05:20","modified_gmt":"2011-09-27T07:05:20","slug":"slavarbetare-i-arboga-forsakringskassan-myglar-ihop-med-arbetsformedlingen","status":"publish","type":"post","link":"http:\/\/www.filindeblogg.nu\/?p=24318","title":{"rendered":"Slavarbetare i Arboga? F\u00f6rs\u00e4kringskassan myglar ihop med Arbetsf\u00f6rmedlingen!"},"content":{"rendered":"<p><a href=\"http:\/\/www.filindeblogg.nu\/?attachment_id=24319\" rel=\"attachment wp-att-24319\"><img loading=\"lazy\" class=\"alignnone size-medium wp-image-24319\" title=\"IMG_9569 (2)\" src=\"http:\/\/www.filindeblogg.nu\/wp-content\/uploads\/2011\/09\/IMG_9569-2-300x225.jpg\" alt=\"\" width=\"108\" height=\"81\" srcset=\"http:\/\/www.filindeblogg.nu\/wp-content\/uploads\/2011\/09\/IMG_9569-2-300x225.jpg 300w, http:\/\/www.filindeblogg.nu\/wp-content\/uploads\/2011\/09\/IMG_9569-2.jpg 461w\" sizes=\"(max-width: 108px) 100vw, 108px\" \/><\/a><br \/>\nP\u00e5 <strong>Svenska Dagbladets<\/strong> hemsida kan man idag l\u00e4sa f\u00f6ljande:<em> &#8221;Slavl\u00e4ger har kopplingar till Sverige&#8221;<\/em>.<\/p>\n<p>Om hur m\u00e4nniskor h\u00e5lls som slavarbetare i <strong>Storbritannien<\/strong>. Jag citerar Svenskan: <em>&#8221;Ligan siktade s\u00e4rskilt in sig p\u00e5 utsatta m\u00e4nniskor som lockades med arbete och god betalning men i st\u00e4llet sp\u00e4rrades in i burar, husvagnar och h\u00e4sttransporter. Vissa ska ha utnyttjats i flera \u00e5r och de som befriades var gravt undern\u00e4rda.&#8221;\u00a0 <\/em>L\u00e4s mer <a href=\"http:\/\/www.svd.se\/nyheter\/inrikes\/slavlager-har-kopplingar-till-sverige_6502654.svd\" target=\"_blank\"><strong>H\u00c4R!<\/strong><\/a><\/p>\n<p>Ig\u00e5r funderade jag \u00f6ver alla m\u00e4nniskor fr\u00e5n forna \u00f6ststaterna som befinner sig bl.a. i <strong>Arboga<\/strong>. Jag har tr\u00e4ffat flera av dom och m\u00e5nga har varit fr\u00e5n <strong>Ryssland<\/strong>. Ingen av dom jag &#8221;talat&#8221; med kunde vare sig svenska eller engelska. Hur klarar dom sig? Och &#8211; vad g\u00f6r dom h\u00e4r??<\/p>\n<p><a href=\"http:\/\/www.filindeblogg.nu\/?attachment_id=24320\" rel=\"attachment wp-att-24320\"><img loading=\"lazy\" class=\"alignnone size-medium wp-image-24320\" title=\"IMG_9563 (2)\" src=\"http:\/\/www.filindeblogg.nu\/wp-content\/uploads\/2011\/09\/IMG_9563-2-225x300.jpg\" alt=\"\" width=\"135\" height=\"180\" srcset=\"http:\/\/www.filindeblogg.nu\/wp-content\/uploads\/2011\/09\/IMG_9563-2-225x300.jpg 225w, http:\/\/www.filindeblogg.nu\/wp-content\/uploads\/2011\/09\/IMG_9563-2.jpg 346w\" sizes=\"(max-width: 135px) 100vw, 135px\" \/><\/a> Den h\u00e4r mannen hittade jag i min tr\u00e4dg\u00e5rd ig\u00e5r pallandes \u00e4pplen! Jag gick ut och fr\u00e5gade honom vem han var. Han tog en bit av ett \u00e4pple och sa<em> &#8221;- Good! &#8221;<\/em><br \/>\n<em>&#8211; Where do you come from?<\/em> sa jag. Nej, han kunde inte engelska. Jag b\u00f6rjade rabbla l\u00e4nder.<em> &#8221;- Poland?&#8221;<\/em> Han skakade p\u00e5 huvudet.<em> &#8221;- Russia? &#8221;<\/em> Ja, s\u00e5 var det! Russia &#8211; Ryssland kom han ifr\u00e5n. <a href=\"http:\/\/www.filindeblogg.nu\/?attachment_id=24321\" rel=\"attachment wp-att-24321\"><img loading=\"lazy\" class=\"alignnone size-full wp-image-24321\" title=\"Ryssland\" src=\"http:\/\/www.filindeblogg.nu\/wp-content\/uploads\/2011\/09\/Ryssland.jpg\" alt=\"\" width=\"154\" height=\"118\" \/><\/a><br \/>\nSen kom inte konversationen l\u00e4ngre f\u00f6rst\u00e5s och mannen fortsatte plocka \u00e4pplen i en medf\u00f6rd kasse fr\u00e5n Systembolaget.<br \/>\nJa, vad skulle jag g\u00f6ra? Jag \u00e4r en sn\u00e4ll sj\u00e4l och karln verkade varken farlig eller hotfull.<em> &#8221;- Ta du n\u00e5gra \u00e4pplen och baka dig en kaka,&#8221;<\/em> sa jag. Att f\u00f6rs\u00f6ka f\u00f6rklara att Allemansr\u00e4tten inte g\u00e4ller i villatr\u00e4dg\u00e5rdar gav jag upp direkt. Mannen fortsatte smaska p\u00e5 sitt \u00e4pple, plockade vidare och jag gick in.<\/p>\n<p>Men vad g\u00f6r dessa m\u00e4nniskor h\u00e4r? Om de inte kan spr\u00e5ket och inte verkar vara vanliga turister &#8211; vad har de d\u00e5 f\u00f6r \u00e4rende? Asyls\u00f6kande l\u00e4r de v\u00e4l inte vara &#8211; eller? Slavarbetare?\u00a0 Eftersom jag har kontakter bland de styrande i kommunen ska jag h\u00f6ra mig f\u00f6r lite bland dessa &#8211; om de vet mer.<\/p>\n<p style=\"text-align: center;\"><a href=\"http:\/\/www.filindeblogg.nu\/?attachment_id=24322\" rel=\"attachment wp-att-24322\"><img loading=\"lazy\" class=\"aligncenter size-full wp-image-24322\" title=\"Ryska flaggan\" src=\"http:\/\/www.filindeblogg.nu\/wp-content\/uploads\/2011\/09\/Ryska-flaggan.jpg\" alt=\"\" width=\"165\" height=\"110\" \/><\/a><\/p>\n<p style=\"text-align: left;\">\n<p>P\u00e5 tal om arbete s\u00e5 fanns den h\u00e4r annonsen i lokala bladet ig\u00e5r: <a href=\"http:\/\/www.filindeblogg.nu\/?attachment_id=24323\" rel=\"attachment wp-att-24323\"><img loading=\"lazy\" class=\"alignnone size-medium wp-image-24323\" title=\"IMG_9564 (2)\" src=\"http:\/\/www.filindeblogg.nu\/wp-content\/uploads\/2011\/09\/IMG_9564-2-225x300.jpg\" alt=\"\" width=\"158\" height=\"210\" srcset=\"http:\/\/www.filindeblogg.nu\/wp-content\/uploads\/2011\/09\/IMG_9564-2-225x300.jpg 225w, http:\/\/www.filindeblogg.nu\/wp-content\/uploads\/2011\/09\/IMG_9564-2.jpg 346w\" sizes=\"(max-width: 158px) 100vw, 158px\" \/><\/a> Vad tycker ni om den?<\/p>\n<p>En n\u00e4rmare titt: <a href=\"http:\/\/www.filindeblogg.nu\/?attachment_id=24324\" rel=\"attachment wp-att-24324\"><img loading=\"lazy\" class=\"alignnone size-medium wp-image-24324\" title=\"IMG_9566 (2)\" src=\"http:\/\/www.filindeblogg.nu\/wp-content\/uploads\/2011\/09\/IMG_9566-2-300x225.jpg\" alt=\"\" width=\"210\" height=\"158\" srcset=\"http:\/\/www.filindeblogg.nu\/wp-content\/uploads\/2011\/09\/IMG_9566-2-300x225.jpg 300w, http:\/\/www.filindeblogg.nu\/wp-content\/uploads\/2011\/09\/IMG_9566-2.jpg 461w\" sizes=\"(max-width: 210px) 100vw, 210px\" \/><\/a> <strong><em>&#8221;Dyslexi, v\u00e4rk och kn\u00e4problem? Jag tittar bara p\u00e5 kompetensen.&#8221;<\/em><\/strong> s\u00e4ger <strong>Angeles Bermudez Svankvist, generaldirekt\u00f6r f\u00f6r Arbetsf\u00f6rmedlingen.<\/strong><\/p>\n<p>Ja, som sagt, vad tycker vi om det uttalandet? Och &#8211; har Arbetsf\u00f6rmedlingen n\u00e5gon g\u00e5ng hj\u00e4lpt n\u00e5gon m\u00e4nniska till arbete &#8211; oavsett l\u00e4s- och skrivsv\u00e5righeter eller v\u00e4rk? Inte ens fullt friska g\u00e5r till Arbetsf\u00f6rmedlingen n\u00e4r de s\u00f6ker jobb! <a href=\"http:\/\/www.filindeblogg.nu\/?attachment_id=24319\" rel=\"attachment wp-att-24319\"><img loading=\"lazy\" class=\"alignnone size-medium wp-image-24319\" title=\"IMG_9569 (2)\" src=\"http:\/\/www.filindeblogg.nu\/wp-content\/uploads\/2011\/09\/IMG_9569-2-300x225.jpg\" alt=\"\" width=\"180\" height=\"135\" srcset=\"http:\/\/www.filindeblogg.nu\/wp-content\/uploads\/2011\/09\/IMG_9569-2-300x225.jpg 300w, http:\/\/www.filindeblogg.nu\/wp-content\/uploads\/2011\/09\/IMG_9569-2.jpg 461w\" sizes=\"(max-width: 180px) 100vw, 180px\" \/><\/a> Se kraften! Pyttsan!<\/p>\n<p><a href=\"http:\/\/www.filindeblogg.nu\/?attachment_id=24325\" rel=\"attachment wp-att-24325\"><img loading=\"lazy\" class=\"alignnone size-full wp-image-24325\" title=\"sjukskriven blir arbetsl\u00f6s\" src=\"..\/wp-content\/uploads\/2011\/09\/sjukskriven-blir-arbetsl%C3%B6s.jpg\" alt=\"\" width=\"143\" height=\"127\" \/><\/a> Nej, det h\u00e4r \u00e4r bara ett s\u00e4tt att mygla \u00f6ver de sjuka till gruppen arbetsf\u00f6ra! Alla som utf\u00f6rs\u00e4krades 30 juni i \u00e5r &#8211; trots l\u00e4karintyg p\u00e5 100 % sjukskrivning &#8211; f\u00f6rdes \u00f6ver till Arbetsf\u00f6rmedlingen och d\u00e4r f\u00f6rs\u00f6ker F\u00f6rs\u00e4kringskassan (p\u00e5 uppdrag av regeringen) att h\u00e5lla dom kvar! D v s lagen om allm\u00e4n f\u00f6rs\u00e4kring har upph\u00f6rt att g\u00e4lla! Skandal<a href=\"http:\/\/pillerpengarpsykvard.aftonbladet.se\/2011\/09\/stora-skillnader-i-vantetid-mellan-lanen\/\" target=\"_blank\">, <\/a>\u00e4r ordet! <a href=\"http:\/\/www.filindeblogg.nu\/?attachment_id=24326\" rel=\"attachment wp-att-24326\"><img loading=\"lazy\" class=\"alignnone size-full wp-image-24326\" title=\"skelett\" src=\"http:\/\/www.filindeblogg.nu\/wp-content\/uploads\/2011\/09\/skelett.jpg\" alt=\"\" width=\"107\" height=\"170\" \/><\/a> Undrar om <strong>Sankte Per<\/strong> \u00e4r lika h\u00e5rdf\u00f6r en g\u00e5ng&#8230; Eller f\u00e5r de sjuka ro i graven i alla fall&#8230; \ud83d\ude41<\/p>\n<p>Ja, man ska ju leva p\u00e5 hoppet, heter det<a href=\"http:\/\/www.expressen.se\/halsa\/1.2572764\/vanliga-varktabletter-ska-stoppa-cancer\" target=\"_blank\">.<\/a> Men man kan ju undra ibland&#8230;<br \/>\nDet h\u00e4r hoppet funderar jag \u00f6ver: <a href=\"http:\/\/www.filindeblogg.nu\/?attachment_id=24327\" rel=\"attachment wp-att-24327\"><img loading=\"lazy\" class=\"alignnone size-medium wp-image-24327\" title=\"IMG_9570 (2)\" src=\"http:\/\/www.filindeblogg.nu\/wp-content\/uploads\/2011\/09\/IMG_9570-2-225x300.jpg\" alt=\"\" width=\"135\" height=\"180\" srcset=\"http:\/\/www.filindeblogg.nu\/wp-content\/uploads\/2011\/09\/IMG_9570-2-225x300.jpg 225w, http:\/\/www.filindeblogg.nu\/wp-content\/uploads\/2011\/09\/IMG_9570-2.jpg 346w\" sizes=\"(max-width: 135px) 100vw, 135px\" \/><\/a> Mj\u00f6lkpaketet uppmanar till n\u00e5got som kallas k\u00e4nguruhopp. ?? <a href=\"http:\/\/www.filindeblogg.nu\/?attachment_id=24328\" rel=\"attachment wp-att-24328\"><img loading=\"lazy\" class=\"alignnone size-medium wp-image-24328\" title=\"IMG_9573 (2)\" src=\"http:\/\/www.filindeblogg.nu\/wp-content\/uploads\/2011\/09\/IMG_9573-2-225x300.jpg\" alt=\"\" width=\"158\" height=\"210\" srcset=\"http:\/\/www.filindeblogg.nu\/wp-content\/uploads\/2011\/09\/IMG_9573-2-225x300.jpg 225w, http:\/\/www.filindeblogg.nu\/wp-content\/uploads\/2011\/09\/IMG_9573-2.jpg 346w\" sizes=\"(max-width: 158px) 100vw, 158px\" \/><\/a><em> &#8221;K\u00e4nguruhopp 3&#215;10, 2-3 g\u00e5nger i veckan&#8221;<\/em> rekommenderas. Hur tusan ska man orka det? Och till vilken nytta?<em> &#8221;Avsluta med ett glas kall mj\u00f6lk&#8221;<\/em> enligt instruktionerna<a href=\"http:\/\/hd.se\/inrikes\/2011\/09\/27\/vaccin-saljs-med-glidande-reklam\/\" target=\"_blank\">.<\/a><br \/>\nInte ens <strong>Google<\/strong> som vet allt &#8211; har n\u00e5gon beskrivning p\u00e5 k\u00e4nguruhopp och vad en m\u00e4nniskan f\u00e5r ut av det.<br \/>\n<a href=\"http:\/\/www.google.se\/\" target=\"_blank\">Google <\/a>som fyller 13 \u00e5r idag &#8211; ser man n\u00e4r man s\u00f6ker via deras sida! <a href=\"http:\/\/www.filindeblogg.nu\/?attachment_id=24329\" rel=\"attachment wp-att-24329\"><img loading=\"lazy\" class=\"alignnone size-medium wp-image-24329\" title=\"Googles_13th_Birthday-2011-hp\" src=\"http:\/\/www.filindeblogg.nu\/wp-content\/uploads\/2011\/09\/Googles_13th_Birthday-2011-hp-300x170.jpg\" alt=\"\" width=\"180\" height=\"102\" srcset=\"http:\/\/www.filindeblogg.nu\/wp-content\/uploads\/2011\/09\/Googles_13th_Birthday-2011-hp-300x170.jpg 300w, http:\/\/www.filindeblogg.nu\/wp-content\/uploads\/2011\/09\/Googles_13th_Birthday-2011-hp.jpg 383w\" sizes=\"(max-width: 180px) 100vw, 180px\" \/><\/a>GRATTIS!<\/p>\n<p>Hur som helst s\u00e5 lever jag alltid p\u00e5 hoppet med eller utan k\u00e4nguru! <a href=\"http:\/\/www.filindeblogg.nu\/?attachment_id=24330\" rel=\"attachment wp-att-24330\"><img loading=\"lazy\" class=\"alignnone size-full wp-image-24330\" title=\"K\u00e4nguru\" src=\"http:\/\/www.filindeblogg.nu\/wp-content\/uploads\/2011\/09\/K%C3%A4nguru.jpg\" alt=\"\" width=\"158\" height=\"115\" \/><\/a>Ha en fin dag!<\/p>\n<p style=\"text-align: center;\"><a href=\"http:\/\/www.filindeblogg.nu\/?attachment_id=24331\" rel=\"attachment wp-att-24331\"><img loading=\"lazy\" class=\"aligncenter size-medium wp-image-24331\" title=\"IMG_9043 (2)\" src=\"http:\/\/www.filindeblogg.nu\/wp-content\/uploads\/2011\/09\/IMG_9043-2-300x225.jpg\" alt=\"\" width=\"180\" height=\"135\" srcset=\"http:\/\/www.filindeblogg.nu\/wp-content\/uploads\/2011\/09\/IMG_9043-2-300x225.jpg 300w, http:\/\/www.filindeblogg.nu\/wp-content\/uploads\/2011\/09\/IMG_9043-2.jpg 461w\" sizes=\"(max-width: 180px) 100vw, 180px\" \/><\/a><\/p>\n<p>&nbsp;<\/p>\n<p>&nbsp;<\/p>\n<p>&nbsp;<\/p>\n","protected":false},"excerpt":{"rendered":"<p>P\u00e5 Svenska Dagbladets hemsida kan man idag l\u00e4sa f\u00f6ljande: &#8221;Slavl\u00e4ger har kopplingar till Sverige&#8221;. Om hur m\u00e4nniskor h\u00e5lls som slavarbetare i Storbritannien. Jag citerar Svenskan: &#8221;Ligan siktade s\u00e4rskilt in sig p\u00e5 utsatta m\u00e4nniskor som lockades med arbete och god betalning men i st\u00e4llet sp\u00e4rrades in i burar, husvagnar och h\u00e4sttransporter. Vissa ska ha utnyttjats i [&hellip;]<\/p>\n","protected":false},"author":1,"featured_media":0,"comment_status":"open","ping_status":"open","sticky":false,"template":"","format":"standard","meta":[],"categories":[125,127,100,119,101],"tags":[],"_links":{"self":[{"href":"http:\/\/www.filindeblogg.nu\/index.php?rest_route=\/wp\/v2\/posts\/24318"}],"collection":[{"href":"http:\/\/www.filindeblogg.nu\/index.php?rest_route=\/wp\/v2\/posts"}],"about":[{"href":"http:\/\/www.filindeblogg.nu\/index.php?rest_route=\/wp\/v2\/types\/post"}],"author":[{"embeddable":true,"href":"http:\/\/www.filindeblogg.nu\/index.php?rest_route=\/wp\/v2\/users\/1"}],"replies":[{"embeddable":true,"href":"http:\/\/www.filindeblogg.nu\/index.php?rest_route=%2Fwp%2Fv2%2Fcomments&post=24318"}],"version-history":[{"count":22,"href":"http:\/\/www.filindeblogg.nu\/index.php?rest_route=\/wp\/v2\/posts\/24318\/revisions"}],"predecessor-version":[{"id":24353,"href":"http:\/\/www.filindeblogg.nu\/index.php?rest_route=\/wp\/v2\/posts\/24318\/revisions\/24353"}],"wp:attachment":[{"href":"http:\/\/www.filindeblogg.nu\/index.php?rest_route=%2Fwp%2Fv2%2Fmedia&parent=24318"}],"wp:term":[{"taxonomy":"category","embeddable":true,"href":"http:\/\/www.filindeblogg.nu\/index.php?rest_route=%2Fwp%2Fv2%2Fcategories&post=24318"},{"taxonomy":"post_tag","embeddable":true,"href":"http:\/\/www.filindeblogg.nu\/index.php?rest_route=%2Fwp%2Fv2%2Ftags&post=24318"}],"curies":[{"name":"wp","href":"https:\/\/api.w.org\/{rel}","templated":true}]}}