{"id":23573,"date":"2011-09-09T07:54:29","date_gmt":"2011-09-09T06:54:29","guid":{"rendered":"http:\/\/www.filindeblogg.nu\/?p=23573"},"modified":"2011-09-09T07:54:30","modified_gmt":"2011-09-09T06:54:30","slug":"livet-vad-ar-det-om-andra-klassens-manniskor-och-djur-utan-varde","status":"publish","type":"post","link":"http:\/\/www.filindeblogg.nu\/?p=23573","title":{"rendered":"Livet &#8211; vad \u00e4r det? Om andra klassens m\u00e4nniskor och djur utan v\u00e4rde."},"content":{"rendered":"<p>Liv &#8211; ja, vad \u00e4r det egentligen? Hur l\u00e4nge varar det? Hur l\u00e4nge \u00e4r livet v\u00e4rt att leva? Och vem best\u00e4mmer det?<\/p>\n<p><a href=\"http:\/\/www.filindeblogg.nu\/?attachment_id=23574\" rel=\"attachment wp-att-23574\"><img loading=\"lazy\" class=\"alignnone size-medium wp-image-23574\" title=\"IMG_8938 (2)\" src=\"http:\/\/www.filindeblogg.nu\/wp-content\/uploads\/2011\/09\/IMG_8938-2-300x225.jpg\" alt=\"\" width=\"210\" height=\"158\" srcset=\"http:\/\/www.filindeblogg.nu\/wp-content\/uploads\/2011\/09\/IMG_8938-2-300x225.jpg 300w, http:\/\/www.filindeblogg.nu\/wp-content\/uploads\/2011\/09\/IMG_8938-2.jpg 461w\" sizes=\"(max-width: 210px) 100vw, 210px\" \/><\/a> <strong>Carin Mannheimer<\/strong> \u00e4r en person jag alltid beundrat. I den utm\u00e4rkta veckotidningen<strong> <a href=\"http:\/\/www.dagenssamhalle.se\/\" target=\"_blank\">Dagens Samh\u00e4lle<\/a><\/strong> fastnar jag f\u00f6r bilden och texten p\u00e5 f\u00f6rstasidan direkt! Det \u00e4r l\u00e4ttare att f\u00e5 botox \u00e4n \u00e4ldrev\u00e5rd i v\u00e5rt land! Vad s\u00e4ger det om v\u00e5rt s\u00e4tt att se p\u00e5 liv?<\/p>\n<p>Jag forts\u00e4tter att l\u00e4sa hela artikeln! <a href=\"http:\/\/www.filindeblogg.nu\/?attachment_id=23575\" rel=\"attachment wp-att-23575\"><img loading=\"lazy\" class=\"alignnone size-medium wp-image-23575\" title=\"IMG_8946 (2)\" src=\"http:\/\/www.filindeblogg.nu\/wp-content\/uploads\/2011\/09\/IMG_8946-2-300x225.jpg\" alt=\"\" width=\"210\" height=\"158\" srcset=\"http:\/\/www.filindeblogg.nu\/wp-content\/uploads\/2011\/09\/IMG_8946-2-300x225.jpg 300w, http:\/\/www.filindeblogg.nu\/wp-content\/uploads\/2011\/09\/IMG_8946-2.jpg 461w\" sizes=\"(max-width: 210px) 100vw, 210px\" \/><\/a> Bara rubrikerna borde f\u00e5 var och en att t\u00e4nka till. <img loading=\"lazy\" class=\"alignnone size-medium wp-image-23576\" title=\"IMG_8947 (2)\" src=\"http:\/\/www.filindeblogg.nu\/wp-content\/uploads\/2011\/09\/IMG_8947-2-225x300.jpg\" alt=\"\" width=\"225\" height=\"300\" srcset=\"http:\/\/www.filindeblogg.nu\/wp-content\/uploads\/2011\/09\/IMG_8947-2-225x300.jpg 225w, http:\/\/www.filindeblogg.nu\/wp-content\/uploads\/2011\/09\/IMG_8947-2.jpg 346w\" sizes=\"(max-width: 225px) 100vw, 225px\" \/> Citaten \u00e4r mycket tankev\u00e4ckande. <a href=\"http:\/\/www.filindeblogg.nu\/?attachment_id=23577\" rel=\"attachment wp-att-23577\"><img loading=\"lazy\" class=\"alignnone size-medium wp-image-23577\" title=\"IMG_8948 (2)\" src=\"http:\/\/www.filindeblogg.nu\/wp-content\/uploads\/2011\/09\/IMG_8948-2-300x225.jpg\" alt=\"\" width=\"300\" height=\"225\" srcset=\"http:\/\/www.filindeblogg.nu\/wp-content\/uploads\/2011\/09\/IMG_8948-2-300x225.jpg 300w, http:\/\/www.filindeblogg.nu\/wp-content\/uploads\/2011\/09\/IMG_8948-2.jpg 461w\" sizes=\"(max-width: 300px) 100vw, 300px\" \/><\/a><\/p>\n<p>N\u00e4r jag hade l\u00e4st vad Carin Mannheimer hade sagt slog det mig hur r\u00e4tt hon har! Det \u00e4r bara ungdom som r\u00e4knas! Ju yngre vuxna desto b\u00e4ttre! Att \u00e5ldras anses fasansfullt och med den inst\u00e4llningen \u00e4r ocks\u00e5 gamla och \u00e5ldrade m\u00e4nniskor av noll och intet v\u00e4rde!<\/p>\n<p>Gamla m\u00e4nniskor har inget utrymme i v\u00e5rt samh\u00e4lle! Dom \u00e4r jobbiga, besv\u00e4rliga och tar bara plats! Kostar pengar ocks\u00e5 och producerar inget<a href=\"http:\/\/www.e24.se\/entreprenor\/1000-grisar-battre-an-vindkraft_3039844.e24#xtor=AD-500-[E24]-[3039844]-[artikelpuff]-[Aftonbladet]-[]-[Ettan]\" target=\"_blank\">,<\/a> ger inget tillbaka! Eller?<br \/>\nDet \u00e4r en mycket skr\u00e4mmande bild som utkristalliserar sig! I v\u00e5rt tyckande och t\u00e4nkande vad g\u00e4ller samh\u00e4llsfr\u00e5gor \u00e4r vi bara inriktade p\u00e5 100 %-are som kan jobba h\u00e4cken av sig &#8211; \u00e4r unga och friska &#8211; utan handikapp och utan k\u00e4nslor heller<a href=\"http:\/\/www.svd.se\/nyheter\/inrikes\/riksdagen-missnojd-med-forsakringsbolagens-sortering-av-barn_6454402.svd\" target=\"_blank\">,<\/a> som det verkar!<\/p>\n<p>\u00c4nd\u00e5 \u00e4r det v\u00e4ldigt m\u00e5nga m\u00e4nniskor som \u00e4r \u00e4ldre! Som blir \u00e4nnu \u00e4ldre och som kommer att finnas kvar l\u00e4nge! Dessa m\u00e4nniskor tillh\u00f6r ett B-lag! \u00c4r en andra klassens m\u00e4nniskor! <a href=\"http:\/\/www.filindeblogg.nu\/?attachment_id=23578\" rel=\"attachment wp-att-23578\"><img loading=\"lazy\" class=\"alignnone size-full wp-image-23578\" title=\"Gammalt par\" src=\"http:\/\/www.filindeblogg.nu\/wp-content\/uploads\/2011\/09\/Gammalt-par.jpg\" alt=\"\" width=\"225\" height=\"225\" srcset=\"http:\/\/www.filindeblogg.nu\/wp-content\/uploads\/2011\/09\/Gammalt-par.jpg 225w, http:\/\/www.filindeblogg.nu\/wp-content\/uploads\/2011\/09\/Gammalt-par-150x150.jpg 150w\" sizes=\"(max-width: 225px) 100vw, 225px\" \/><\/a><\/p>\n<p>Avskyv\u00e4rt! Jag delar inte alls de h\u00e4r uppfattningarna men hur f\u00e5r vi en f\u00f6r\u00e4ndring till st\u00e5nd?<\/p>\n<p>Dagens Samh\u00e4lle visar ocks\u00e5 en uppf\u00f6ljning p\u00e5 tidigare reportage om obefintliga v\u00e5rdplatser. <a href=\"http:\/\/www.filindeblogg.nu\/?attachment_id=23582\" rel=\"attachment wp-att-23582\"><img loading=\"lazy\" class=\"alignnone size-medium wp-image-23582\" title=\"IMG_8945 (2)\" src=\"http:\/\/www.filindeblogg.nu\/wp-content\/uploads\/2011\/09\/IMG_8945-2-225x300.jpg\" alt=\"\" width=\"135\" height=\"180\" srcset=\"http:\/\/www.filindeblogg.nu\/wp-content\/uploads\/2011\/09\/IMG_8945-2-225x300.jpg 225w, http:\/\/www.filindeblogg.nu\/wp-content\/uploads\/2011\/09\/IMG_8945-2.jpg 346w\" sizes=\"(max-width: 135px) 100vw, 135px\" \/><\/a> En l\u00e4kare avsl\u00f6jar: <a href=\"http:\/\/www.filindeblogg.nu\/?attachment_id=23583\" rel=\"attachment wp-att-23583\"><img loading=\"lazy\" class=\"alignnone size-medium wp-image-23583\" title=\"IMG_8944 (2)\" src=\"http:\/\/www.filindeblogg.nu\/wp-content\/uploads\/2011\/09\/IMG_8944-2-225x300.jpg\" alt=\"\" width=\"158\" height=\"210\" srcset=\"http:\/\/www.filindeblogg.nu\/wp-content\/uploads\/2011\/09\/IMG_8944-2-225x300.jpg 225w, http:\/\/www.filindeblogg.nu\/wp-content\/uploads\/2011\/09\/IMG_8944-2.jpg 346w\" sizes=\"(max-width: 158px) 100vw, 158px\" \/><\/a> Jag \u00e4r helt s\u00e4ker p\u00e5 att han talar sanning!<\/p>\n<p>Vad har vi f\u00f6r samh\u00e4lle? Hur kan vi bygga upp en v\u00e4rld f\u00f6r bara unga och friska?<\/p>\n<p><a href=\"http:\/\/www.filindeblogg.nu\/?attachment_id=23584\" rel=\"attachment wp-att-23584\"><img loading=\"lazy\" class=\"aligncenter size-full wp-image-23584\" title=\"VARGTJUT\" src=\"http:\/\/www.filindeblogg.nu\/wp-content\/uploads\/2011\/09\/VARGTJUT1.jpg\" alt=\"\" width=\"101\" height=\"125\" \/><\/a><\/p>\n<p>Tidningen har mer att ber\u00e4tta! Om hur sv\u00e5rt <a href=\"http:\/\/granskning.aftonbladet.se\/2011\/09\/hur-funkar-psykvarden\/\" target=\"_blank\">&#8211;<\/a> n\u00e4st intill om\u00f6jligt &#8211; det \u00e4r f\u00f6r kommuner att k\u00f6pa k\u00f6tt fr\u00e5n djur som levt ett dr\u00e4gligt liv innan det hamnar p\u00e5 tallriken! <a href=\"http:\/\/www.filindeblogg.nu\/?attachment_id=23579\" rel=\"attachment wp-att-23579\"><img loading=\"lazy\" class=\"alignnone size-medium wp-image-23579\" title=\"IMG_8942 (2)\" src=\"http:\/\/www.filindeblogg.nu\/wp-content\/uploads\/2011\/09\/IMG_8942-2-300x225.jpg\" alt=\"\" width=\"300\" height=\"225\" srcset=\"http:\/\/www.filindeblogg.nu\/wp-content\/uploads\/2011\/09\/IMG_8942-2-300x225.jpg 300w, http:\/\/www.filindeblogg.nu\/wp-content\/uploads\/2011\/09\/IMG_8942-2.jpg 461w\" sizes=\"(max-width: 300px) 100vw, 300px\" \/><\/a> <strong>R\u00e4ttvik i Dalarna<\/strong> har f\u00f6rs\u00f6kt och kommit halvv\u00e4gs, kan man s\u00e4ga. Men enligt f\u00f6rst\u00e5-sig-p\u00e5are s\u00e4tter <strong>EU:<\/strong>s regler k\u00e4ppar i hjulen i slut\u00e4ndan!<br \/>\nS\u00e5 djurs liv \u00e4r heller ingenting v\u00e4rt i v\u00e5r v\u00e4rld! Vad \u00e4r vi f\u00f6r sorts varelser egentligen &#8211; vi m\u00e4nniskor!? Bilden h\u00e4r \u00e4r tagen ur Dagens Samh\u00e4lle och jag tittar bort n\u00e4r jag ser den.\u00a0 Orkar inte se paniken, stressen i djurets \u00f6gon&#8230; <a href=\"http:\/\/www.filindeblogg.nu\/?attachment_id=23581\" rel=\"attachment wp-att-23581\"><img loading=\"lazy\" class=\"alignnone size-medium wp-image-23581\" title=\"IMG_8940 (2)\" src=\"http:\/\/www.filindeblogg.nu\/wp-content\/uploads\/2011\/09\/IMG_8940-21-300x225.jpg\" alt=\"\" width=\"210\" height=\"158\" srcset=\"http:\/\/www.filindeblogg.nu\/wp-content\/uploads\/2011\/09\/IMG_8940-21-300x225.jpg 300w, http:\/\/www.filindeblogg.nu\/wp-content\/uploads\/2011\/09\/IMG_8940-21.jpg 461w\" sizes=\"(max-width: 210px) 100vw, 210px\" \/><\/a><\/p>\n<p>Allt liv \u00e4r v\u00e4rdefullt! Allt liv \u00e4r v\u00e4rt att respekteras! S\u00e5 tycker jag och jag hoppas att fler delar den uppfattningen. <a href=\"http:\/\/www.filindeblogg.nu\/?attachment_id=23585\" rel=\"attachment wp-att-23585\"><img loading=\"lazy\" class=\"alignnone size-medium wp-image-23585\" title=\"IMG_8828 (2)\" src=\"http:\/\/www.filindeblogg.nu\/wp-content\/uploads\/2011\/09\/IMG_8828-2-300x225.jpg\" alt=\"\" width=\"180\" height=\"135\" srcset=\"http:\/\/www.filindeblogg.nu\/wp-content\/uploads\/2011\/09\/IMG_8828-2-300x225.jpg 300w, http:\/\/www.filindeblogg.nu\/wp-content\/uploads\/2011\/09\/IMG_8828-2.jpg 461w\" sizes=\"(max-width: 180px) 100vw, 180px\" \/><\/a><\/p>\n<p>En liten pens\u00e9 till exempel! <a href=\"http:\/\/www.filindeblogg.nu\/?attachment_id=23586\" rel=\"attachment wp-att-23586\"><img loading=\"lazy\" class=\"alignnone size-medium wp-image-23586\" title=\"IMG_8826 (2)\" src=\"http:\/\/www.filindeblogg.nu\/wp-content\/uploads\/2011\/09\/IMG_8826-2-300x225.jpg\" alt=\"\" width=\"210\" height=\"158\" srcset=\"http:\/\/www.filindeblogg.nu\/wp-content\/uploads\/2011\/09\/IMG_8826-2-300x225.jpg 300w, http:\/\/www.filindeblogg.nu\/wp-content\/uploads\/2011\/09\/IMG_8826-2.jpg 461w\" sizes=\"(max-width: 210px) 100vw, 210px\" \/><\/a> Ser ni den h\u00e4r p\u00e5 bilden!? En liten blomma har fr\u00f6at av sig och planterat sig i gruset nedanf\u00f6r trappan. <a href=\"http:\/\/www.filindeblogg.nu\/?attachment_id=23587\" rel=\"attachment wp-att-23587\"><img loading=\"lazy\" class=\"alignnone size-medium wp-image-23587\" title=\"IMG_8827 (2)\" src=\"http:\/\/www.filindeblogg.nu\/wp-content\/uploads\/2011\/09\/IMG_8827-2-300x225.jpg\" alt=\"\" width=\"180\" height=\"135\" srcset=\"http:\/\/www.filindeblogg.nu\/wp-content\/uploads\/2011\/09\/IMG_8827-2-300x225.jpg 300w, http:\/\/www.filindeblogg.nu\/wp-content\/uploads\/2011\/09\/IMG_8827-2.jpg 461w\" sizes=\"(max-width: 180px) 100vw, 180px\" \/><\/a> Men det \u00e4r ju inget st\u00e4lle f\u00f6r en liten blomma! Den blir snart nedtrampad d\u00e4r. D\u00e4rf\u00f6r gr\u00e4vde jag f\u00f6rsiktigt upp den och placerade den vid &#8221;en kompis&#8221; som jag tidigare f\u00e5tt g\u00f6ra samma sak med! \ud83d\ude42 <a href=\"http:\/\/www.filindeblogg.nu\/?attachment_id=23588\" rel=\"attachment wp-att-23588\"><img loading=\"lazy\" class=\"alignnone size-medium wp-image-23588\" title=\"IMG_8829 (2)\" src=\"http:\/\/www.filindeblogg.nu\/wp-content\/uploads\/2011\/09\/IMG_8829-2-300x225.jpg\" alt=\"\" width=\"180\" height=\"135\" srcset=\"http:\/\/www.filindeblogg.nu\/wp-content\/uploads\/2011\/09\/IMG_8829-2-300x225.jpg 300w, http:\/\/www.filindeblogg.nu\/wp-content\/uploads\/2011\/09\/IMG_8829-2.jpg 461w\" sizes=\"(max-width: 180px) 100vw, 180px\" \/><\/a> Nu sitter blommorna p\u00e5 en plats som passar dom &#8211; i h\u00e4rlig jord och med skydd omkring.<br \/>\n\u00c4r det inte s\u00e5 allt levande ska ha det? F\u00e5 finnas p\u00e5 r\u00e4tt plats, en plats som passar var och en b\u00e4st? Oavsett om man \u00e4r ung eller gammal, gris eller liten blomma?<\/p>\n<p style=\"text-align: center;\"><a href=\"http:\/\/www.filindeblogg.nu\/?attachment_id=23589\" rel=\"attachment wp-att-23589\"><img loading=\"lazy\" class=\"aligncenter size-medium wp-image-23589\" title=\"IMG_8831 (2)\" src=\"http:\/\/www.filindeblogg.nu\/wp-content\/uploads\/2011\/09\/IMG_8831-2-300x225.jpg\" alt=\"\" width=\"180\" height=\"135\" srcset=\"http:\/\/www.filindeblogg.nu\/wp-content\/uploads\/2011\/09\/IMG_8831-2-300x225.jpg 300w, http:\/\/www.filindeblogg.nu\/wp-content\/uploads\/2011\/09\/IMG_8831-2.jpg 461w\" sizes=\"(max-width: 180px) 100vw, 180px\" \/><\/a>Grannens fina blomma<br \/>\ntrivs p\u00e5 sin plats!<\/p>\n<p style=\"text-align: center;\">Imorgon handlar det om andra saker i v\u00e5r natur!<\/p>\n<p style=\"text-align: center;\"><a href=\"http:\/\/www.filindeblogg.nu\/?attachment_id=23590\" rel=\"attachment wp-att-23590\"><img loading=\"lazy\" class=\"aligncenter size-medium wp-image-23590\" title=\"IMG_8903 (2)\" src=\"http:\/\/www.filindeblogg.nu\/wp-content\/uploads\/2011\/09\/IMG_8903-2-300x225.jpg\" alt=\"\" width=\"210\" height=\"158\" srcset=\"http:\/\/www.filindeblogg.nu\/wp-content\/uploads\/2011\/09\/IMG_8903-2-300x225.jpg 300w, http:\/\/www.filindeblogg.nu\/wp-content\/uploads\/2011\/09\/IMG_8903-2.jpg 461w\" sizes=\"(max-width: 210px) 100vw, 210px\" \/><\/a><\/p>\n<p style=\"text-align: center;\">V\u00e4lkommen d\u00e5 och<br \/>\n<strong>VAR R\u00c4DDA OM LIVET!<\/strong><\/p>\n<p>&nbsp;<\/p>\n<p>&nbsp;<\/p>\n<p>&nbsp;<\/p>\n","protected":false},"excerpt":{"rendered":"<p>Liv &#8211; ja, vad \u00e4r det egentligen? Hur l\u00e4nge varar det? Hur l\u00e4nge \u00e4r livet v\u00e4rt att leva? Och vem best\u00e4mmer det? Carin Mannheimer \u00e4r en person jag alltid beundrat. I den utm\u00e4rkta veckotidningen Dagens Samh\u00e4lle fastnar jag f\u00f6r bilden och texten p\u00e5 f\u00f6rstasidan direkt! Det \u00e4r l\u00e4ttare att f\u00e5 botox \u00e4n \u00e4ldrev\u00e5rd i v\u00e5rt [&hellip;]<\/p>\n","protected":false},"author":1,"featured_media":0,"comment_status":"open","ping_status":"open","sticky":false,"template":"","format":"standard","meta":[],"categories":[1,125,122,119,101,116,124],"tags":[],"_links":{"self":[{"href":"http:\/\/www.filindeblogg.nu\/index.php?rest_route=\/wp\/v2\/posts\/23573"}],"collection":[{"href":"http:\/\/www.filindeblogg.nu\/index.php?rest_route=\/wp\/v2\/posts"}],"about":[{"href":"http:\/\/www.filindeblogg.nu\/index.php?rest_route=\/wp\/v2\/types\/post"}],"author":[{"embeddable":true,"href":"http:\/\/www.filindeblogg.nu\/index.php?rest_route=\/wp\/v2\/users\/1"}],"replies":[{"embeddable":true,"href":"http:\/\/www.filindeblogg.nu\/index.php?rest_route=%2Fwp%2Fv2%2Fcomments&post=23573"}],"version-history":[{"count":10,"href":"http:\/\/www.filindeblogg.nu\/index.php?rest_route=\/wp\/v2\/posts\/23573\/revisions"}],"predecessor-version":[{"id":23600,"href":"http:\/\/www.filindeblogg.nu\/index.php?rest_route=\/wp\/v2\/posts\/23573\/revisions\/23600"}],"wp:attachment":[{"href":"http:\/\/www.filindeblogg.nu\/index.php?rest_route=%2Fwp%2Fv2%2Fmedia&parent=23573"}],"wp:term":[{"taxonomy":"category","embeddable":true,"href":"http:\/\/www.filindeblogg.nu\/index.php?rest_route=%2Fwp%2Fv2%2Fcategories&post=23573"},{"taxonomy":"post_tag","embeddable":true,"href":"http:\/\/www.filindeblogg.nu\/index.php?rest_route=%2Fwp%2Fv2%2Ftags&post=23573"}],"curies":[{"name":"wp","href":"https:\/\/api.w.org\/{rel}","templated":true}]}}