{"id":2161,"date":"2008-08-18T17:10:56","date_gmt":"2008-08-18T16:10:56","guid":{"rendered":"http:\/\/www.filindeblogg.nu\/?p=2161"},"modified":"2009-06-05T04:33:58","modified_gmt":"2009-06-05T03:33:58","slug":"kassa-skolan-i-sverige","status":"publish","type":"post","link":"http:\/\/www.filindeblogg.nu\/?p=2161","title":{"rendered":"Kassa skolan i Sverige!"},"content":{"rendered":"<p><strong><a href=\"http:\/\/www.dn.se\/DNet\/jsp\/polopoly.jsp?d=573&amp;a=817073\">Sverige<\/a> <a href=\"http:\/\/www.dn.se\/DNet\/jsp\/polopoly.jsp?a=817205\">har<\/a> <a href=\"http:\/\/www.svd.se\/nyheter\/inrikes\/artikel_1579221.svd\">stora <\/a><a href=\"http:\/\/sydsvenskan.se\/lund\/article358015\/Fortsatt-stor-betygsskillnad-mellan-skolorna.html\">problem<\/a>! Det handlar om m\u00e4nniskov\u00e4rdet. Det handlar om v\u00e4rderingar av vad som f\u00e5r kosta pengar och inte.<\/strong><\/p>\n<p>Ett av problemen har diskuterats i \u00f6ver 10 \u00e5r &#8211; <strong>m\u00e4nniskor som stressas sjuka <\/strong>p.g.a. f\u00f6r h\u00f6gt arbetstempo, f\u00f6r stora \u00e5tstramningar ekonomiskt och personellt p\u00e5 arbetsplatser och obefintlig tid f\u00f6r \u00e5terh\u00e4mtning.<\/p>\n<p><strong>Det andra stora problemet \u00e4r skolan!<\/strong><\/p>\n<p>Styrande politiker i allm\u00e4nhet och nuvarande regering i synnerhet verkar tro att bara f\u00f6r att det g\u00e4ller sm\u00e5 skitungar s\u00e5 kan det sparas och kravs\u00e4nkas i det o\u00e4ndliga!<\/p>\n<p>Men dessa sm\u00e5 skitungar blir stora en g\u00e5ng!<br \/>\nKommer de som vuxna att ha en underm\u00e5lig skolutbildning, kasst sj\u00e4lvf\u00f6rtroende plus ha l\u00e4rt sig att umg\u00e5s med stress och press redan fr\u00e5n l\u00e5gstadiet &#8211; d\u00e5 blir det stora problem.<br \/>\nProblem i f\u00f6rsta hand f\u00f6r dom sj\u00e4lva naturligtvis &#8211; men ocks\u00e5 stora problem f\u00f6r samh\u00e4llet!<\/p>\n<p><strong>Ingen utbildning &#8211; inget jobb &#8211; ingen f\u00f6rs\u00f6rjning = bidrag.<\/strong> L\u00e4gg sen till psykisk utmattningsproblematik sj\u00e4lvmedicinerat med droger &#8211; s\u00e5 blir problemen \u00e4n st\u00f6rre.<\/p>\n<p><strong>Dagens ledare i DN tar upp friskolorna.<\/strong> Det talas om juridiska aspekter och om hur kommunallagen urholkas vid utf\u00f6rs\u00e4ljning av skolor till privata akt\u00f6rer. Det verkligt stora problemet tas dock inte upp &#8211; varf\u00f6r friskolor poppar upp \u00f6ver huvud taget!<\/p>\n<p><strong>Friskolor finns f\u00f6r att m\u00e4nniskor inte \u00e4r n\u00f6jda med vad den kommunala skolan har att erbjuda!<\/strong><\/p>\n<p><strong>Friskolor finns ocks\u00e5 f\u00f6r att m\u00e4nniskor f\u00e5r tj\u00e4na pengar p\u00e5 barns r\u00e4tt till grundskoleutbildning!<\/strong><\/p>\n<p>Jag anser att friskolor \u00e4r ett bevis p\u00e5 att skolan i Sverige \u00e4r kass och att det \u00e4r m\u00f6jligt att sko sig rik p\u00e5 barns r\u00e4ttigheter. M a o &#8211; ett underk\u00e4nnande av det svenska skolv\u00e4sendet!<\/p>\n<p><strong>L\u00e4gg sen till att omd\u00f6men nu ska ges till elever redan fr\u00e5n f\u00f6rsta klass!<br \/>\n<\/strong><br \/>\n<strong> Utklassning <\/strong>&#8211; \u00e4r vad det blir fr\u00e5gan om redan f\u00f6r en liten skolknatte p\u00e5 7 \u00e5r!!<\/p>\n<p>Utbildningsminister Jan Bj\u00f6rklund har stenh\u00e5rt drivit igenom f\u00f6rslaget och s\u00e4ger i en artikel i DN idag: <em>&#8221;<span class=\"text\">F\u00f6r\u00e4ldrarna har r\u00e4tt till en tydlig information om hur det g\u00e5r f\u00f6r deras barn.  Och informationen blir i regel tydligare n\u00e4r den s\u00e4tts ned p\u00e5 papper.&#8221;<\/span><\/em><\/p>\n<p>I DN:s artikel kan man vidare l\u00e4sa: <em>&#8221;<span class=\"text\">Men den nya lagen kan faktiskt komma att f\u00f6rs\u00e4mra tydligheten, tror de b\u00e4gge l\u00e4rarfacken. Nu kan skolorna hemfalla till att bara s\u00e4tta en siffra eller en bokstav p\u00e5 en elev i st\u00e4llet f\u00f6r att ge en utf\u00f6rlig f\u00f6rklaring. Dessutom kan f\u00f6r\u00e4ldrarna f\u00f6rvirras av att systemen ser olika ut p\u00e5 olika skolor.&#8221;<\/span><\/em><\/p>\n<p>Det \u00e4r n\u00e4mligen s\u00e5 att skolor kan v\u00e4lja att s\u00e4tta betygen A &#8211; F, 1 &#8211; 5 eller &#8221;glada gubbar&#8221;! F\u00f6rvirrande??<\/p>\n<p><strong>Hur ska en 7-\u00e5ring kunna utv\u00e4rderas?? <span style=\"text-decoration: underline;\">Varf\u00f6r ska han eller hon bed\u00f6mas? <\/span><\/strong><\/p>\n<p>Grundskolan ska se till att barn l\u00e4r sig just grundl\u00e4ggande kunskaper f\u00f6r att senare i livet kunna g\u00e5 vidare till andra skolor, l\u00e4rlingsplatser eller jobb. <strong>Det tillh\u00f6r barns r\u00e4ttigheter att f\u00e5 undervisning! Barn ska inte beh\u00f6va analyseras och betygs\u00e4ttas f\u00f6r dessa r\u00e4ttigheter<\/strong>!<\/p>\n<p>Och hur g\u00e5r det f\u00f6r tysta flickan och pojken med myror i byxorna?? De elever som idag kallas besv\u00e4rliga och antingen ignoreras eller placeras i skrubben i k\u00e4llaren f\u00f6r att de \u00e4r s\u00e5 br\u00e5kiga!<\/p>\n<p>N\u00e4r l\u00e4rare idag inte har en susning om vad <strong>ADHD och Aspergers syndrom<\/strong> handlar om och n\u00e4r neuropsykiatriska funktionshinder inte finns med i l\u00e4rarutbildningen &#8211; hur tror ni barn med dessa egenskaper kommer att bed\u00f6mas fr\u00e5n f\u00f6rsta klass!!?? De blir utslagna redan som 7-\u00e5ringar!<\/p>\n<p>Den f\u00f6rra regeringen f\u00f6rstod inte mycket heller vad g\u00e4ller m\u00e4nskliga aspekter och hur otroligt viktiga dessa \u00e4r f\u00f6r ett stabilt och tryggt samh\u00e4lle. Den nuvarande sl\u00e5r den f\u00f6rra med h\u00e4stl\u00e4ngder vad g\u00e4ller nonchalans kring dessa fr\u00e5gor.<\/p>\n<p><strong>Revolution! Jag har sagt det f\u00f6rr och jag s\u00e4ger det igen: REVOLUTION!<\/strong><\/p>\n","protected":false},"excerpt":{"rendered":"<p>Sverige har stora problem! Det handlar om m\u00e4nniskov\u00e4rdet. Det handlar om v\u00e4rderingar av vad som f\u00e5r kosta pengar och inte. Ett av problemen har diskuterats i \u00f6ver 10 \u00e5r &#8211; m\u00e4nniskor som stressas sjuka p.g.a. f\u00f6r h\u00f6gt arbetstempo, f\u00f6r stora \u00e5tstramningar ekonomiskt och personellt p\u00e5 arbetsplatser och obefintlig tid f\u00f6r \u00e5terh\u00e4mtning. Det andra stora problemet [&hellip;]<\/p>\n","protected":false},"author":1,"featured_media":0,"comment_status":"open","ping_status":"open","sticky":false,"template":"","format":"standard","meta":[],"categories":[107,101],"tags":[],"_links":{"self":[{"href":"http:\/\/www.filindeblogg.nu\/index.php?rest_route=\/wp\/v2\/posts\/2161"}],"collection":[{"href":"http:\/\/www.filindeblogg.nu\/index.php?rest_route=\/wp\/v2\/posts"}],"about":[{"href":"http:\/\/www.filindeblogg.nu\/index.php?rest_route=\/wp\/v2\/types\/post"}],"author":[{"embeddable":true,"href":"http:\/\/www.filindeblogg.nu\/index.php?rest_route=\/wp\/v2\/users\/1"}],"replies":[{"embeddable":true,"href":"http:\/\/www.filindeblogg.nu\/index.php?rest_route=%2Fwp%2Fv2%2Fcomments&post=2161"}],"version-history":[{"count":4,"href":"http:\/\/www.filindeblogg.nu\/index.php?rest_route=\/wp\/v2\/posts\/2161\/revisions"}],"predecessor-version":[{"id":6078,"href":"http:\/\/www.filindeblogg.nu\/index.php?rest_route=\/wp\/v2\/posts\/2161\/revisions\/6078"}],"wp:attachment":[{"href":"http:\/\/www.filindeblogg.nu\/index.php?rest_route=%2Fwp%2Fv2%2Fmedia&parent=2161"}],"wp:term":[{"taxonomy":"category","embeddable":true,"href":"http:\/\/www.filindeblogg.nu\/index.php?rest_route=%2Fwp%2Fv2%2Fcategories&post=2161"},{"taxonomy":"post_tag","embeddable":true,"href":"http:\/\/www.filindeblogg.nu\/index.php?rest_route=%2Fwp%2Fv2%2Ftags&post=2161"}],"curies":[{"name":"wp","href":"https:\/\/api.w.org\/{rel}","templated":true}]}}