{"id":213,"date":"2007-06-10T16:38:53","date_gmt":"2007-06-10T15:38:53","guid":{"rendered":"http:\/\/www.filindeblogg.nu\/?p=213"},"modified":"2009-06-05T04:45:03","modified_gmt":"2009-06-05T03:45:03","slug":"diskriminering-tillatet-i-sverige-idag-2007","status":"publish","type":"post","link":"http:\/\/www.filindeblogg.nu\/?p=213","title":{"rendered":"Diskriminering till\u00e5tet i Sverige idag &#8211; 2007!!"},"content":{"rendered":"<p><strong>Vet ni om att diskriminering fortfarande \u00e4r till\u00e5tet i Sverige!?<\/strong> Att vissa skolor till\u00e5ts att nobba elever som de tycker &#8221;inte passar in&#8221;!?<\/p>\n<p>Jag pratar om <strong>Folkh\u00f6gskolorna i Sverige!<\/strong><\/p>\n<p><strong>Folkh\u00f6gskolor ber\u00f6rs INTE av diskrimineringslagen!!<\/strong> N\u00e4r jag kollade med <strong>diskrimineringsombudsmannen<\/strong> fick jag detta osannolika besked!! Lagen mot diskriminering p.g.a. k\u00f6n, etnisk bakgrund, funktionshinder o s v <strong>g\u00e4ller INTE FOLKH\u00d6GSKOLOR!! <\/strong>Alla andra skolformer st\u00e5r under lagen &#8211; inte folkh\u00f6gskolorna!<\/p>\n<p>Jag fr\u00e5gade juristen p\u00e5 <strong>HO &#8211; Handikappombudsmannen <\/strong>&#8211; om detta var en <strong>miss i lagstiftningen?<\/strong> Det ville hon inte p\u00e5st\u00e5 &#8211; utan att man inte riktigt hunnit &#8221;\u00e4nda fram&#8221;. Hon sa &#8221;man har tagit ett steg i taget&#8221; och tydligen har man, enligt min \u00e5sikt, &#8221;gl\u00f6mt bort&#8221; folkh\u00f6gskolorna!<\/p>\n<p>P\u00e5 folkh\u00f6gskolornas allm\u00e4nna hemsida &#8211; <strong>www.folkskola.nu<\/strong> &#8211; kan man l\u00e4sa, citat:<br \/>\n<em>&#8221;Folkh\u00f6gskolorna pr\u00e4glas av folkbildningens k\u00e4nnetecken: <strong>Frihet fr\u00e5n styrning,<\/strong> fr\u00e5n centrala kursplaner, fr\u00e5n betyg, friheten att skapa en egen profil och inte minst <strong>friheten f\u00f6r var och en att s\u00f6ka sig till en folkh\u00f6gskola <\/strong>&#8211; eller l\u00e5ta bli. <strong>M\u00e5let \u00e4r att skapa &#8221;dugliga samh\u00e4llsmedborgare&#8221;<\/strong>, aktiva, kritiska och sj\u00e4lvst\u00e4ndiga m\u00e4nniskor som kan och v\u00e5gar f\u00f6rsvara demokratin.&#8221;<\/em><\/p>\n<p>Ni ser att det st\u00e5r <strong>&#8221;frihet fr\u00e5n styrning&#8221; <\/strong>&#8211; och det kan man verkligen h\u00e5lla med om!! <strong>Det st\u00e5r allts\u00e5 folkh\u00f6gskolorna fritt att kr\u00e4nka och diskriminera!<\/strong> Det \u00e4r d\u00e4r friheten fr\u00e5n styrning kommer in!<\/p>\n<p>Det st\u00e5r vidare: &#8221;frihet f\u00f6r var och en att s\u00f6ka sig till en folkh\u00f6gskola&#8221; &#8211; jo, pyttsan!!<br \/>\nM\u00e5let s\u00e4gs vara att skapa &#8221;dugliga samh\u00e4llsmedborgare&#8221;. Jag m\u00e5r illa n\u00e4r jag t\u00e4nker p\u00e5 hur folkh\u00f6gskolor v\u00e4ljer bort personer som<strong> de <\/strong>f\u00f6rmodligen anser inte kvalificera sig f\u00f6r f\u00f6rm\u00e5gan att bli &#8221;dugliga&#8221;!<\/p>\n<p>Vadan detta d\u00e5? Varf\u00f6r \u00e4r jag s\u00e5 uppr\u00f6rd? Hur fann jag allt detta om de skamliga folkh\u00f6gskolorna?<br \/>\n<em><br \/>\nJo, en ung man p\u00e5 20 \u00e5r s\u00f6kte till en folkh\u00f6gskola f\u00f6r han ville prova deras speciella inriktning mot psykologi. Han har g\u00e5tt ut gymnasieskolan med h\u00f6ga betyg och \u00e4r intresserad av att l\u00e4sa vidare p\u00e5 h\u00f6gskolan &#8211; och kanske d\u00e5 just psykologi.<br \/>\nF\u00f6r att testa om det \u00e4r just psykologi som \u00e4r &#8221;hans grej&#8221; &#8211; valde han denna folkh\u00f6gskola &#8211; <strong>Stensunds Folkh\u00f6gskola<\/strong> <strong>utanf\u00f6r Trosa<\/strong>. Han var d\u00e4r p\u00e5 bes\u00f6ksdagarna, pratade med l\u00e4rarna och fick beskedet att han l\u00e4tt skulle komma in till h\u00f6sten om han s\u00f6kte.<br \/>\nOch s\u00f6kte gjorde han. F\u00f6r ett par veckor sedan fick den unge mannen besked om att han INTE var antagen till folkh\u00f6gskolan. Som sk\u00e4l angavs diagnosen Aspergers syndrom. En diagnos som mannen fick i l\u00e5gstadiet i grundskolan. Den unge mannen \u00e4r precis som vilken ung man som helst MEN p.g.a. f\u00f6rdomar, maktfullkomlighet och tr\u00e5ngsynthet blev han borts\u00e5llad av Stensunds Folkh\u00f6gskola!!<br \/>\nSkolan har avf\u00e4rdat den unge mannen p.g.a. en diagnos skriven p\u00e5 ett papper! De har inte tagit n\u00e5gra referenser p\u00e5 mannen &#8211; trots uppmaningar!<br \/>\nOCH han kan inte g\u00f6ra n\u00e5gonting \u00e5t det! Han kan inte \u00f6verklaga! Han kan inte anm\u00e4la skolan f\u00f6r diskriminering!<br \/>\nLagen g\u00e4ller inte folkh\u00f6gskolor&#8230;<\/em><\/p>\n<p>Jag blev <strong>MYCKET UPPR\u00d6RD<\/strong> \u00f6ver detta och har nu kontaktat tidningar, TV och organisationer f\u00f6r att uppm\u00e4rksamma fallet. Det \u00e4r min innerliga \u00f6nskan att detta dras upp i offentlighetens ljus och att Stensunds Folkh\u00f6gskola prickas p\u00e5 n\u00e5got vis. Att skolan \u00e5tminstone f\u00e5r framst\u00e5 som ett mycket d\u00e5ligt alternativ vad g\u00e4ller skolundervisning.<br \/>\nN\u00e5got som g\u00f6r saken <strong>\u00e4n mer anm\u00e4rkningsv\u00e4rd <\/strong>\u00e4r att skolan har en linje med psykologiprofil &#8211; det var dit mannen s\u00f6kte. Och att<strong> beslutande l\u00e4rare \u00e4r l\u00e4rare i psykologi. <\/strong><br \/>\n<strong><br \/>\nVilken kvalitet kan man tro att Stensunds Folkh\u00f6gskola har inom sina utbildningsomr\u00e5den?? Hur bra \u00e4r psykologil\u00e4rarna i sitt \u00e4mne &#8211; som tar s\u00e5dana h\u00e4r beslut.<\/strong><\/p>\n<p><strong>NEJ, BOJKOTTA STENSUNDS FOLKH\u00d6GSKOLA! <\/strong>Skolan \u00e4r en skamfl\u00e4ck f\u00f6r folkh\u00f6gskolor och f\u00f6r Folkbildningsr\u00e5det som \u00e4r huvudman f\u00f6r alla folkh\u00f6gskolor!<\/p>\n<p><strong>SE TILL ATT GRANSKA ALLA FOLKH\u00d6GSKOLOR I LANDET!! VEM VET VILKA LIK DE HAR I SINA GARDEROBER!! <\/strong><\/p>\n<p><strong>JANNE JOSEFSSON &#8211; H\u00c4R HAR DU N\u00c4STA UPPDRAG!!<\/strong><\/p>\n<p><strong>Idag \u00e4r jag ARG!<\/strong><\/p>\n","protected":false},"excerpt":{"rendered":"<p>Vet ni om att diskriminering fortfarande \u00e4r till\u00e5tet i Sverige!? Att vissa skolor till\u00e5ts att nobba elever som de tycker &#8221;inte passar in&#8221;!? Jag pratar om Folkh\u00f6gskolorna i Sverige! Folkh\u00f6gskolor ber\u00f6rs INTE av diskrimineringslagen!! N\u00e4r jag kollade med diskrimineringsombudsmannen fick jag detta osannolika besked!! Lagen mot diskriminering p.g.a. k\u00f6n, etnisk bakgrund, funktionshinder o s v [&hellip;]<\/p>\n","protected":false},"author":1,"featured_media":0,"comment_status":"open","ping_status":"open","sticky":false,"template":"","format":"standard","meta":[],"categories":[1,107],"tags":[],"_links":{"self":[{"href":"http:\/\/www.filindeblogg.nu\/index.php?rest_route=\/wp\/v2\/posts\/213"}],"collection":[{"href":"http:\/\/www.filindeblogg.nu\/index.php?rest_route=\/wp\/v2\/posts"}],"about":[{"href":"http:\/\/www.filindeblogg.nu\/index.php?rest_route=\/wp\/v2\/types\/post"}],"author":[{"embeddable":true,"href":"http:\/\/www.filindeblogg.nu\/index.php?rest_route=\/wp\/v2\/users\/1"}],"replies":[{"embeddable":true,"href":"http:\/\/www.filindeblogg.nu\/index.php?rest_route=%2Fwp%2Fv2%2Fcomments&post=213"}],"version-history":[{"count":1,"href":"http:\/\/www.filindeblogg.nu\/index.php?rest_route=\/wp\/v2\/posts\/213\/revisions"}],"predecessor-version":[{"id":6096,"href":"http:\/\/www.filindeblogg.nu\/index.php?rest_route=\/wp\/v2\/posts\/213\/revisions\/6096"}],"wp:attachment":[{"href":"http:\/\/www.filindeblogg.nu\/index.php?rest_route=%2Fwp%2Fv2%2Fmedia&parent=213"}],"wp:term":[{"taxonomy":"category","embeddable":true,"href":"http:\/\/www.filindeblogg.nu\/index.php?rest_route=%2Fwp%2Fv2%2Fcategories&post=213"},{"taxonomy":"post_tag","embeddable":true,"href":"http:\/\/www.filindeblogg.nu\/index.php?rest_route=%2Fwp%2Fv2%2Ftags&post=213"}],"curies":[{"name":"wp","href":"https:\/\/api.w.org\/{rel}","templated":true}]}}