{"id":20958,"date":"2011-06-14T10:12:50","date_gmt":"2011-06-14T09:12:50","guid":{"rendered":"http:\/\/www.filindeblogg.nu\/?p=20958"},"modified":"2011-06-14T10:12:51","modified_gmt":"2011-06-14T09:12:51","slug":"vilket-sverige-vill-vi-ha-foljderna-av-for-manga-rosa-muffins","status":"publish","type":"post","link":"http:\/\/www.filindeblogg.nu\/?p=20958","title":{"rendered":"Vilket Sverige vill vi ha? F\u00f6ljderna av f\u00f6r m\u00e5nga rosa muffins!"},"content":{"rendered":"<p>Har ni b\u00f6rjat m\u00e4rka att v\u00e5rt lagomland med politiska partier som lurigt verkar s\u00e5 snarlika varandra nu b\u00f6rjar bek\u00e4nna f\u00e4rg &#8211; den bl\u00e5!<\/p>\n<p>Det m\u00e4rks tydligt vilka tendenser som nu v\u00e4xer sig starkare. De m\u00e4nniskor som har det bra ekonomisk ska ha mer &#8211;<br \/>\nmedan de fattigaste stackarna f\u00e5r det allt s\u00e4mre. <a rel=\"attachment wp-att-20959\" href=\"http:\/\/www.filindeblogg.nu\/?attachment_id=20959\"><img loading=\"lazy\" class=\"alignnone size-full wp-image-20959\" title=\"Fattig tecknad bild\" src=\"http:\/\/www.filindeblogg.nu\/wp-content\/uploads\/2011\/06\/Fattig-tecknad-bild.jpg\" alt=\"\" width=\"66\" height=\"91\" \/><\/a><\/p>\n<p>Vi som hade den d\u00e5liga smaken att f\u00f6lja &#8221;arbetslinjen&#8221; s\u00e5 till den milda grad att vi utnyttjades maximalt och sen gick under &#8211; utf\u00f6rs\u00e4kras nu 1 juli!<br \/>\nDet betyder att \u00e4ven om du visar upp ett l\u00e4karintyg p\u00e5 att du \u00e4r 100 % sjuk s\u00e5 f\u00e5r du ingen sjukpeng.<br \/>\nUnder tiden du har varit sjuk har du heller inte f\u00e5tt n\u00e5got st\u00f6d och hj\u00e4lp till rehabilitering s\u00e5 nu st\u00e5r du \u00e4r! Utfattig &#8211; sjuk, utan jobb och utan sjukers\u00e4ttning. <a rel=\"attachment wp-att-20959\" href=\"http:\/\/www.filindeblogg.nu\/?attachment_id=20959\"><img loading=\"lazy\" class=\"alignnone size-full wp-image-20959\" title=\"Fattig tecknad bild\" src=\"http:\/\/www.filindeblogg.nu\/wp-content\/uploads\/2011\/06\/Fattig-tecknad-bild.jpg\" alt=\"\" width=\"66\" height=\"91\" \/><\/a><\/p>\n<p>Mycket vill ha mer &#8211; och de fuskande sjukskrivna rensar vi ut! Dom f\u00e5r v\u00e4l skylla sig sj\u00e4lva som bara g\u00e5r omkring och \u00e4r sjuka! G\u00e5r omkring g\u00f6r dom kanske inte &#8211; men skulden ska dom ha i alla fall! <a rel=\"attachment wp-att-20960\" href=\"http:\/\/www.filindeblogg.nu\/?attachment_id=20960\"><img loading=\"lazy\" class=\"alignnone size-full wp-image-20960\" title=\"Fkassan o arbetsl\u00f6s\" src=\"http:\/\/www.filindeblogg.nu\/wp-content\/uploads\/2011\/06\/Fkassan-o-arbetsl\u00f6s.jpg\" alt=\"\" width=\"214\" height=\"191\" \/><\/a><\/p>\n<p>Hur m\u00e4rker vi mer av smygf\u00e4rgningen mot bl\u00e5tt? Jo, genom att <strong>Kristdemokraterna<\/strong> som ing\u00e5r i <strong>Alliansen <\/strong>nu b\u00f6rjar bek\u00e4nna sin del av f\u00e4rgen. HBT \u00e4r inte helt OK l\u00e4ngre. Vad f\u00f6ljderna blir av det kan man bara ana.<\/p>\n<p>L\u00e4gg sen till det h\u00e4r med flyktingar och invandrare! I dagens<a href=\"http:\/\/www.svd.se\/nyheter\/inrikes\/alliansen-har-kontaktat-sd_6241274.svd\" target=\"_blank\"><strong> Svenska Dagbladet <\/strong><\/a>st\u00e5r att Alliansen kontaktat <strong>SD &#8211; Sverigedemokraterna<\/strong> i \u00e4renden men bett SD h\u00e5lla tyst om saken&#8230;<\/p>\n<p>I s\u00f6ndags var denna artikel inf\u00f6rd i<strong> DN<\/strong>. <a rel=\"attachment wp-att-20961\" href=\"http:\/\/www.filindeblogg.nu\/?attachment_id=20961\"><img loading=\"lazy\" class=\"alignnone size-medium wp-image-20961\" title=\"IMG_5116 (2)\" src=\"http:\/\/www.filindeblogg.nu\/wp-content\/uploads\/2011\/06\/IMG_5116-2-225x300.jpg\" alt=\"\" width=\"135\" height=\"180\" srcset=\"http:\/\/www.filindeblogg.nu\/wp-content\/uploads\/2011\/06\/IMG_5116-2-225x300.jpg 225w, http:\/\/www.filindeblogg.nu\/wp-content\/uploads\/2011\/06\/IMG_5116-2-768x1024.jpg 768w\" sizes=\"(max-width: 135px) 100vw, 135px\" \/><\/a> Artikeln sl\u00e5r h\u00e5l p\u00e5 myten om att ensamkommande flyktingbarn anl\u00e4nder som &#8221;ankare&#8221; f\u00f6r att f\u00f6ra in resten av familjen senare. Statistik visar att s\u00e5 inte \u00e4r fallet. <a rel=\"attachment wp-att-20962\" href=\"http:\/\/www.filindeblogg.nu\/?attachment_id=20962\"><img loading=\"lazy\" class=\"alignnone size-medium wp-image-20962\" title=\"IMG_5115 (2)\" src=\"http:\/\/www.filindeblogg.nu\/wp-content\/uploads\/2011\/06\/IMG_5115-2-300x225.jpg\" alt=\"\" width=\"180\" height=\"135\" srcset=\"http:\/\/www.filindeblogg.nu\/wp-content\/uploads\/2011\/06\/IMG_5115-2-300x225.jpg 300w, http:\/\/www.filindeblogg.nu\/wp-content\/uploads\/2011\/06\/IMG_5115-2-1024x768.jpg 1024w\" sizes=\"(max-width: 180px) 100vw, 180px\" \/><\/a><\/p>\n<p>Kommer det att bli slut p\u00e5 hj\u00e4lpen \u00e5t flyktingar p\u00e5 sikt? I <a href=\"http:\/\/www.dn.se\/nyheter\/sverige\/hogerextremt-parti-bjuder-barn-pa-lager\" target=\"_blank\"><strong>DN <\/strong><\/a>idag l\u00e4ser jag om h\u00f6gerextremt parti som ordnar sommarl\u00e4ger f\u00f6r barn&#8230;<\/p>\n<p>Vart \u00e4r vi p\u00e5 v\u00e4g?? I lokaltidningen finns detta helsidesuppslag idag: <a rel=\"attachment wp-att-20963\" href=\"http:\/\/www.filindeblogg.nu\/?attachment_id=20963\"><img loading=\"lazy\" class=\"alignnone size-medium wp-image-20963\" title=\"IMG_5167 (2)\" src=\"http:\/\/www.filindeblogg.nu\/wp-content\/uploads\/2011\/06\/IMG_5167-2-300x225.jpg\" alt=\"\" width=\"300\" height=\"225\" srcset=\"http:\/\/www.filindeblogg.nu\/wp-content\/uploads\/2011\/06\/IMG_5167-2-300x225.jpg 300w, http:\/\/www.filindeblogg.nu\/wp-content\/uploads\/2011\/06\/IMG_5167-2-1024x768.jpg 1024w\" sizes=\"(max-width: 300px) 100vw, 300px\" \/><\/a> Finn fem fel!!<\/p>\n<p>B\u00e5de barn och f\u00f6r\u00e4ldrar hamnar p\u00e5 mammans lott, s\u00e4ger artikeln som ocks\u00e5 ger r\u00e5d till mammor hur dom ska klara av att b\u00e5de ta hand om hem och barn men \u00e4ven gamla f\u00f6r\u00e4ldrar ???<\/p>\n<p>Jo, det \u00e4r sant &#8211; det st\u00e5r s\u00e5! Och ja, det \u00e4r 2011 i \u00e5r! Och ja<a href=\"http:\/\/hd.se\/skane\/2011\/06\/14\/extremparti-bjuder-barn-pa-lager\/\" target=\"_blank\">,<\/a> vi befinner oss i Sverige och detta \u00e4r klippt ur en svensk tidning!<\/p>\n<p>Artikeln riktar sig till kvinnor som f\u00f6der barn sent i livet &#8211; vilket allts\u00e5 ger en puff \u00e5t unga flickor att b\u00f6rja f\u00f6da barn tidigare och inte t\u00e4nka s\u00e5 mycket p\u00e5 utbildning och yrke.<\/p>\n<p><a rel=\"attachment wp-att-20964\" href=\"http:\/\/www.filindeblogg.nu\/?attachment_id=20964\"><img loading=\"lazy\" class=\"alignnone size-medium wp-image-20964\" title=\"Rosa muffins\" src=\"http:\/\/www.filindeblogg.nu\/wp-content\/uploads\/2011\/06\/Rosa-muffins-300x200.jpg\" alt=\"\" width=\"108\" height=\"72\" srcset=\"http:\/\/www.filindeblogg.nu\/wp-content\/uploads\/2011\/06\/Rosa-muffins-300x200.jpg 300w, http:\/\/www.filindeblogg.nu\/wp-content\/uploads\/2011\/06\/Rosa-muffins-1024x682.jpg 1024w, http:\/\/www.filindeblogg.nu\/wp-content\/uploads\/2011\/06\/Rosa-muffins.jpg 1600w\" sizes=\"(max-width: 108px) 100vw, 108px\" \/><\/a> Artikeln ovan f\u00f6r mig os\u00f6kt in p\u00e5 rosa muffins! Den str\u00e4van som p\u00e5g\u00e5r att mota hem kvinnor till spisen igen. Den inriktningen k\u00f6r Kristdemokraterna stenh\u00e5rt med st\u00f6d av <strong>Moderaterna<\/strong>.<\/p>\n<p><a rel=\"attachment wp-att-20965\" href=\"http:\/\/www.filindeblogg.nu\/?attachment_id=20965\"><img loading=\"lazy\" class=\"alignnone size-full wp-image-20965\" title=\"Frun i hemmet och mannen mekar bil\" src=\"http:\/\/www.filindeblogg.nu\/wp-content\/uploads\/2011\/06\/Frun-i-hemmet-och-mannen-mekar-bil.jpg\" alt=\"\" width=\"165\" height=\"150\" \/><\/a> S\u00e5 h\u00e4r ser v\u00e5rt framtida Sverige ut! Ett par rej\u00e4la kliv bak\u00e5t! Frun tillbaka i k\u00f6ket och mannen mekar bil &#8211; n\u00e4r han inte f\u00f6rs\u00f6rjer familjen!<\/p>\n<p>Men vad h\u00e4nder sen? <a rel=\"attachment wp-att-20966\" href=\"http:\/\/www.filindeblogg.nu\/?attachment_id=20966\"><img loading=\"lazy\" class=\"alignnone size-medium wp-image-20966\" title=\"Gr\u00e5tande tr\u00f6tt hemmafru\" src=\"http:\/\/www.filindeblogg.nu\/wp-content\/uploads\/2011\/06\/Gr\u00e5tande-tr\u00f6tt-hemmafru-300x232.jpg\" alt=\"\" width=\"210\" height=\"162\" srcset=\"http:\/\/www.filindeblogg.nu\/wp-content\/uploads\/2011\/06\/Gr\u00e5tande-tr\u00f6tt-hemmafru-300x232.jpg 300w, http:\/\/www.filindeblogg.nu\/wp-content\/uploads\/2011\/06\/Gr\u00e5tande-tr\u00f6tt-hemmafru.jpg 387w\" sizes=\"(max-width: 210px) 100vw, 210px\" \/><\/a> N\u00e4r du diskat den hundraelfte disken<a href=\"http:\/\/www.aftonbladet.se\/nyheter\/article13167274.ab\" target=\"_blank\">,<\/a> tv\u00e4tten \u00e5ter fladdrar p\u00e5 strecket och mannen f\u00f6r l\u00e4nge sen slutat meka bil p\u00e5 uppfarten utan dragit iv\u00e4g till en ny, yngre kvinna!? N\u00e4r alla nybakta muffins st\u00e5r dig upp i halsen!\u00a0 <a rel=\"attachment wp-att-20968\" href=\"http:\/\/www.filindeblogg.nu\/?attachment_id=20968\"><img loading=\"lazy\" class=\"alignnone size-full wp-image-20968\" title=\"Spya tecknad\" src=\"http:\/\/www.filindeblogg.nu\/wp-content\/uploads\/2011\/06\/Spya-tecknad.jpg\" alt=\"\" width=\"92\" height=\"102\" \/><\/a>Vad h\u00e4nder d\u00e5? N\u00e4r du arbetsl\u00f6s konstaterar att pl\u00e5nboken \u00e4r tom<a href=\"http:\/\/www.expressen.se\/nyheter\/1.2468549\/juholt-inte-oroad-av-vikande-siffror\" target=\"_blank\">,<\/a> den f\u00f6rs\u00f6rjande mannen borta och din utbildning inte l\u00e4ngre \u00e4r up-to-date f\u00f6r att kunna generera jobb!?<\/p>\n<p>Nej, jag ser klara tendenser mot ett Sverige som jag inte alls vill ha! Sverige ska vara ett v\u00e4lf\u00e4rdsland i betydelsen demokrati, j\u00e4mst\u00e4lldhet och r\u00e4ttvisa!<br \/>\nInga smygnazister som vill \u00e5terinf\u00f6ra manssamh\u00e4llet och sparka undan b\u00f6garna!<\/p>\n<p>Jag vill ha ett gr\u00f6nt Sverige d\u00e4r fokus l\u00e4ggs p\u00e5 klimatfr\u00e5gor, f\u00f6rnybar energi och omsorg om allt levande! Ett land med plats f\u00f6r alla d\u00e4r gemenskap och respekt \u00e4r ledstj\u00e4rnor. Ett land som blickar fram\u00e5t &#8211; inte bak\u00e5t!<\/p>\n<p>Kan vi\u00a0 r\u00e4tta till felen och b\u00f6rja om p\u00e5 nytt i n\u00e4sta val!?<\/p>\n<p><a rel=\"attachment wp-att-20967\" href=\"http:\/\/www.filindeblogg.nu\/?attachment_id=20967\"><img loading=\"lazy\" class=\"aligncenter size-full wp-image-20967\" title=\"Fuch this fifties housewife bullshit\" src=\"http:\/\/www.filindeblogg.nu\/wp-content\/uploads\/2011\/06\/Fuch-this-fifties-housewife-bullshit.jpg\" alt=\"\" width=\"184\" height=\"274\" \/><\/a><\/p>\n<p>&nbsp;<\/p>\n","protected":false},"excerpt":{"rendered":"<p>Har ni b\u00f6rjat m\u00e4rka att v\u00e5rt lagomland med politiska partier som lurigt verkar s\u00e5 snarlika varandra nu b\u00f6rjar bek\u00e4nna f\u00e4rg &#8211; den bl\u00e5! Det m\u00e4rks tydligt vilka tendenser som nu v\u00e4xer sig starkare. De m\u00e4nniskor som har det bra ekonomisk ska ha mer &#8211; medan de fattigaste stackarna f\u00e5r det allt s\u00e4mre. Vi som hade [&hellip;]<\/p>\n","protected":false},"author":1,"featured_media":0,"comment_status":"open","ping_status":"open","sticky":false,"template":"","format":"standard","meta":[],"categories":[125,121,100,122,119],"tags":[],"_links":{"self":[{"href":"http:\/\/www.filindeblogg.nu\/index.php?rest_route=\/wp\/v2\/posts\/20958"}],"collection":[{"href":"http:\/\/www.filindeblogg.nu\/index.php?rest_route=\/wp\/v2\/posts"}],"about":[{"href":"http:\/\/www.filindeblogg.nu\/index.php?rest_route=\/wp\/v2\/types\/post"}],"author":[{"embeddable":true,"href":"http:\/\/www.filindeblogg.nu\/index.php?rest_route=\/wp\/v2\/users\/1"}],"replies":[{"embeddable":true,"href":"http:\/\/www.filindeblogg.nu\/index.php?rest_route=%2Fwp%2Fv2%2Fcomments&post=20958"}],"version-history":[{"count":36,"href":"http:\/\/www.filindeblogg.nu\/index.php?rest_route=\/wp\/v2\/posts\/20958\/revisions"}],"predecessor-version":[{"id":21004,"href":"http:\/\/www.filindeblogg.nu\/index.php?rest_route=\/wp\/v2\/posts\/20958\/revisions\/21004"}],"wp:attachment":[{"href":"http:\/\/www.filindeblogg.nu\/index.php?rest_route=%2Fwp%2Fv2%2Fmedia&parent=20958"}],"wp:term":[{"taxonomy":"category","embeddable":true,"href":"http:\/\/www.filindeblogg.nu\/index.php?rest_route=%2Fwp%2Fv2%2Fcategories&post=20958"},{"taxonomy":"post_tag","embeddable":true,"href":"http:\/\/www.filindeblogg.nu\/index.php?rest_route=%2Fwp%2Fv2%2Ftags&post=20958"}],"curies":[{"name":"wp","href":"https:\/\/api.w.org\/{rel}","templated":true}]}}