{"id":19236,"date":"2011-04-25T10:13:12","date_gmt":"2011-04-25T09:13:12","guid":{"rendered":"http:\/\/www.filindeblogg.nu\/?p=19236"},"modified":"2011-04-26T05:15:03","modified_gmt":"2011-04-26T04:15:03","slug":"skitungar-med-adhd","status":"publish","type":"post","link":"http:\/\/www.filindeblogg.nu\/?p=19236","title":{"rendered":"Skitungar med ADHD"},"content":{"rendered":"<p><a rel=\"attachment wp-att-19237\" href=\"http:\/\/www.filindeblogg.nu\/?attachment_id=19237\"><img loading=\"lazy\" class=\"alignnone size-medium wp-image-19237\" title=\"jim-carrey_1_61719825\" src=\"http:\/\/www.filindeblogg.nu\/wp-content\/uploads\/2011\/04\/jim-carrey_1_61719825-261x300.jpg\" alt=\"\" width=\"157\" height=\"180\" srcset=\"http:\/\/www.filindeblogg.nu\/wp-content\/uploads\/2011\/04\/jim-carrey_1_61719825-261x300.jpg 261w, http:\/\/www.filindeblogg.nu\/wp-content\/uploads\/2011\/04\/jim-carrey_1_61719825.jpg 305w\" sizes=\"(max-width: 157px) 100vw, 157px\" \/><\/a> Pl\u00f6tsligt kommer fler och fler k\u00e4nda personer ut som<strong> Aspies <\/strong>eller med diagnosen <strong>ADHD!<\/strong> Det \u00e4r inte bara gamlingarna <strong>Einstein <\/strong>och <strong>Mozart<\/strong> utan en hel del k\u00e4ndisar i nutid!<\/p>\n<p>Att <strong>Jim Carrey<\/strong>, bilden ovan, har egenskapen har jag misst\u00e4nkt l\u00e4nge. Hans hyperfilmer g\u00f6r faktiskt mig lite svettig &#8211; s\u00e5 till den milda grad att jag inte orkar se dom. <a rel=\"attachment wp-att-19239\" href=\"http:\/\/www.filindeblogg.nu\/?attachment_id=19239\"><img loading=\"lazy\" class=\"alignnone size-full wp-image-19239\" title=\"Ace Ventura\" src=\"http:\/\/www.filindeblogg.nu\/wp-content\/uploads\/2011\/04\/Ace-Ventura.jpg\" alt=\"\" width=\"115\" height=\"158\" \/><\/a> Med det inte sagt att jag har n\u00e5gonting emot m\u00e4nniskor med ADHD &#8211; men just Carrey har jag lite sv\u00e5rt f\u00f6r.<\/p>\n<p><strong>Bill Gates<\/strong>, fenomenet, har enligt uppgift ADHD. <a rel=\"attachment wp-att-19238\" href=\"http:\/\/www.filindeblogg.nu\/?attachment_id=19238\"><img loading=\"lazy\" class=\"alignnone size-full wp-image-19238\" title=\"Bill Gates\" src=\"http:\/\/www.filindeblogg.nu\/wp-content\/uploads\/2011\/04\/Bill-Gates.png\" alt=\"\" width=\"174\" height=\"89\" \/><\/a><\/p>\n<p>Nu droppar ocks\u00e5 svenskarna in som vill &#8221;komma ut&#8221;: <strong>Morgan Alling, Frank Andersson, Petter<\/strong> m fl. <a rel=\"attachment wp-att-19240\" href=\"http:\/\/www.filindeblogg.nu\/?attachment_id=19240\"><img loading=\"lazy\" class=\"alignnone size-full wp-image-19240\" title=\"Petter\" src=\"http:\/\/www.filindeblogg.nu\/wp-content\/uploads\/2011\/04\/Petter.jpg\" alt=\"\" width=\"166\" height=\"110\" \/><\/a><\/p>\n<p>T\u00e4nk &#8211; nu b\u00f6rjar det bli inne att ha ADHD! Dom st\u00f6kiga, jobbiga personernas revansch!<\/p>\n<p>F\u00f6r mig k\u00e4nns det fantastiskt och ett steg i r\u00e4tt riktning. Att ha de h\u00e4r egenskaperna &#8211; ADHD, Aspergers syndrom eller andra s k diagnoser inom <strong>Autismspektrat <\/strong>ska ses om en tillg\u00e5ng &#8211; inte det motsatta! Ofta har m\u00e4nniskor med dessa egenskaper stor intelligens men ocks\u00e5 f\u00f6rdelar framf\u00f6r andra genom att vara mer energiska, envisa och\/eller v\u00e5ga mer \u00e4n andra.<\/p>\n<p>Utagerande beh\u00f6ver inte vara negativt! \u00c4nd\u00e5 l\u00e4ser jag detta\u00a0 p\u00e5 Nationalencyklopedins hemsida:<br \/>\n<em><strong>&#8221;utagerande,<\/strong> ut\u00e5tagerande, aggressivt beteende,   inom psykiatrin betecknat som social beteendest\u00f6rning. Utagerande kan   ta sig olika uttryck, alltifr\u00e5n verbal aggressivitet och destruktivitet   mot f\u00f6rem\u00e5l till aggressionshandlingar mot djur och m\u00e4nniskor.&#8221;<\/em><\/p>\n<p>Utagera &#8211; att agera ut &#8211; borde lika g\u00e4rna kunna betecknas som n\u00e5gonting positivt .Titta p\u00e5 alla duktiga sk\u00e5despelare och artister! De agerar, lever ut! Konstn\u00e4rer, forskare och vetenskapsm\u00e4n &#8211; \u00e4r andra kategorier d\u00e4r &#8221;lite mer&#8221; \u00e4r till nytta. Eller borde vara till nytta, r\u00e4ttare sagt.<\/p>\n<p>I dagens svenska skola ska det satsas p\u00e5 elitklasser och jag tror inte f\u00f6r ett \u00f6gonblick att det \u00e4r &#8221;de br\u00e5kiga ungarna&#8221; man avser! Tv\u00e4rtom s\u00e5llas de h\u00e4r eleverna ut fr\u00e5n b\u00f6rjan, f\u00e5r inte ens den grundskola de enligt lag har r\u00e4tt till &#8211; \u00e4n mindre gymnasieutbildning och h\u00f6gskola som skulle passa deras f\u00e4rdigheter. Skandal \u00e4r bara f\u00f6rnamnet!<\/p>\n<p>Kanske kan fler &#8221;skitungar&#8221; f\u00e5 uppr\u00e4ttelse nu n\u00e4r de mer k\u00e4nda, nu vuxna, b\u00f6rjar ber\u00e4tta! Kanske v\u00e5gar \u00e4ven andra yrkesgrupper \u00e4n artisterna kliva fram! Uppfinnarna, de kreativa forskarna, de framg\u00e5ngsrika f\u00f6retagsledarna!<\/p>\n<p>Att placera h\u00f6gintelligenta barn men egenskaper ut\u00f6ver de vanliga i s\u00e4rskolan \u00e4r idiotiskt, tragiskt och har ingenting med demokratiska, framst\u00e5ende l\u00e4nder som Sverige att g\u00f6ra!<\/p>\n<p>Ta reda p\u00e5 fakta! Se lite l\u00e4ngre \u00e4n n\u00e4san r\u00e4cker! Titta in bakom fasaden! Var lite mottaglig f\u00f6r nya intryck och f\u00f6rkasta inte det ovana som fel!<br \/>\nVar inte s\u00e5 f\u00f6rbaskat r\u00e4dd! V\u00e4lkomna, var gener\u00f6s och \u00f6ppna upp!<\/p>\n<p>L\u00e4s bl.a. p\u00e5 dessa hemsidor: <a href=\"http:\/\/www.attention-riks.se\/\" target=\"_blank\"><strong>Attention<\/strong><\/a> och Autism- och <a href=\"http:\/\/www.autism.se\/\" target=\"_blank\"><strong>Aspergersf\u00f6rbundet<\/strong><\/a><\/p>\n<p><a rel=\"attachment wp-att-19241\" href=\"http:\/\/www.filindeblogg.nu\/?attachment_id=19241\"><img loading=\"lazy\" class=\"aligncenter size-full wp-image-19241\" title=\"ADHD p\u00e5 Wikipedia\" src=\"http:\/\/www.filindeblogg.nu\/wp-content\/uploads\/2011\/04\/ADHD-p\u00e5-Wikipedia.jpg\" alt=\"\" width=\"250\" height=\"143\" \/><\/a><\/p>\n<p>L\u00c4GGER TILL DENNA L\u00c4NK IDAG, TISDAG 26 APRIL, SOM VISAR ATT F\u00d6R\u00c4NDRING \u00c4R L\u00c5NGT BORTA! Klicka <a href=\"http:\/\/www.sydsvenskan.se\/malmo\/article1450846\/For-livlig-for-skolan.html\" target=\"_blank\"><strong>H\u00c4R!<\/strong><\/a><br \/>\n5-\u00e5riga <strong>William i Malm\u00f6<\/strong> nekas skolg\u00e5ng &#8221;f\u00f6r att han \u00e4r f\u00f6r livlig&#8221;. Vad har vi f\u00f6r sorts samh\u00e4lle?? Inte \u00e4r detta v\u00e4lf\u00e4rd!?<\/p>\n<p>&nbsp;<\/p>\n<p><em><strong> <\/strong><\/em><\/p>\n<p><em><br \/>\n<\/em><\/p>\n<p>&nbsp;<\/p>\n<p>&nbsp;<\/p>\n<p>&nbsp;<\/p>\n<p>&nbsp;<\/p>\n","protected":false},"excerpt":{"rendered":"<p>Pl\u00f6tsligt kommer fler och fler k\u00e4nda personer ut som Aspies eller med diagnosen ADHD! Det \u00e4r inte bara gamlingarna Einstein och Mozart utan en hel del k\u00e4ndisar i nutid! Att Jim Carrey, bilden ovan, har egenskapen har jag misst\u00e4nkt l\u00e4nge. Hans hyperfilmer g\u00f6r faktiskt mig lite svettig &#8211; s\u00e5 till den milda grad att jag [&hellip;]<\/p>\n","protected":false},"author":1,"featured_media":0,"comment_status":"open","ping_status":"open","sticky":false,"template":"","format":"standard","meta":[],"categories":[107,100,119,110,101],"tags":[],"_links":{"self":[{"href":"http:\/\/www.filindeblogg.nu\/index.php?rest_route=\/wp\/v2\/posts\/19236"}],"collection":[{"href":"http:\/\/www.filindeblogg.nu\/index.php?rest_route=\/wp\/v2\/posts"}],"about":[{"href":"http:\/\/www.filindeblogg.nu\/index.php?rest_route=\/wp\/v2\/types\/post"}],"author":[{"embeddable":true,"href":"http:\/\/www.filindeblogg.nu\/index.php?rest_route=\/wp\/v2\/users\/1"}],"replies":[{"embeddable":true,"href":"http:\/\/www.filindeblogg.nu\/index.php?rest_route=%2Fwp%2Fv2%2Fcomments&post=19236"}],"version-history":[{"count":19,"href":"http:\/\/www.filindeblogg.nu\/index.php?rest_route=\/wp\/v2\/posts\/19236\/revisions"}],"predecessor-version":[{"id":19260,"href":"http:\/\/www.filindeblogg.nu\/index.php?rest_route=\/wp\/v2\/posts\/19236\/revisions\/19260"}],"wp:attachment":[{"href":"http:\/\/www.filindeblogg.nu\/index.php?rest_route=%2Fwp%2Fv2%2Fmedia&parent=19236"}],"wp:term":[{"taxonomy":"category","embeddable":true,"href":"http:\/\/www.filindeblogg.nu\/index.php?rest_route=%2Fwp%2Fv2%2Fcategories&post=19236"},{"taxonomy":"post_tag","embeddable":true,"href":"http:\/\/www.filindeblogg.nu\/index.php?rest_route=%2Fwp%2Fv2%2Ftags&post=19236"}],"curies":[{"name":"wp","href":"https:\/\/api.w.org\/{rel}","templated":true}]}}