{"id":1805,"date":"2008-07-15T10:34:31","date_gmt":"2008-07-15T09:34:31","guid":{"rendered":"http:\/\/www.filindeblogg.nu\/?p=1805"},"modified":"2009-06-05T04:34:35","modified_gmt":"2009-06-05T03:34:35","slug":"alla-autistiska-barn-maste-ha-skolbank-ute-pa-skolgarden","status":"publish","type":"post","link":"http:\/\/www.filindeblogg.nu\/?p=1805","title":{"rendered":"Alla autistiska barn m\u00e5ste ha skolb\u00e4nk ute p\u00e5 skolg\u00e5rden!!"},"content":{"rendered":"<p><a href=\"http:\/\/sydsvenskan.se\/sverige\/article346642.ece\">Jag<\/a> <a href=\"http:\/\/www.svd.se\/nyheter\/inrikes\/artikel_1458531.svd\">har<\/a> <a href=\"http:\/\/www.dn.se\/DNet\/jsp\/polopoly.jsp?d=572&amp;a=804604\">v\u00e4l <\/a>aldrig h\u00f6rt p\u00e5 maken till dumheter!! \u00d6verl\u00e4karna Susanne Bejerot och Mats Humble, som f\u00f6r \u00f6vrigt \u00e4r samarbetspartners i ett gemensamt f\u00f6retag, skriver i DN idag om att <em>&#8221;undvikandet av solljus har blivit en h\u00e4lsorisk.&#8221;<\/em> I en debattartikel varnar dessa l\u00e4kare f\u00f6r <em>&#8221;en epidemi av autism&#8221;<\/em>!! ?? De skriver att f\u00f6rekomsten av diagnoser inom autismspektrat har \u00f6kat dramatisk under de senaste \u00e5ren och anser att milj\u00f6faktorer i allm\u00e4nheten och brist p\u00e5 solsken i synnerhet \u00e4r bidragande orsak!<\/p>\n<p>Ja, Bejerot och Humble <strong>\u00c4R<\/strong> l\u00e4kare &#8211; de kan f\u00f6rmodligen visa upp legitimation om det kr\u00e4vs.<\/p>\n<p>De talar i artikeln om &#8221;sverigesomalier&#8221; som enligt Bejerot och Humble kallar autism f\u00f6r &#8221;den svenska sjukan&#8221;(!). Varf\u00f6r Bejerot och Humble valt just &#8221;sverigesomalier&#8221; framg\u00e5r inte riktigt &#8211; men dessa s k sverigesomalier har tydligen ber\u00e4ttat f\u00f6r de b\u00e5da l\u00e4karna att autism inte \u00e4r vanligt i deras hemland.<\/p>\n<p>Vad jag kommer ih\u00e5g var det ingen h\u00e4r i Sverige heller som talade om autism n\u00e4r jag gick i skolan p\u00e5 60-70-talet &#8211; och solen lyste v\u00e4l lika mycket med sin fr\u00e5nvaro d\u00e5 \u00f6ver v\u00e5rt nordiska land. Snarare har vi v\u00e4l p\u00e5 senare tid f\u00e5tt ett mer soligare och varmare klimat h\u00e4r i landet &#8211; en milj\u00f6effekt.<\/p>\n<p><strong>Det finns inte alls n\u00e5gon epidemi av autism i Sverige! Det kommer heller inte att bli n\u00e5gon i framtiden!<\/strong><\/p>\n<p>Att diagnoser inom Autismspektrat kommer fram s\u00e5 pass mycket idag beror inte p\u00e5 att antalet blivit fler &#8211; utan att samh\u00e4llet f\u00f6r m\u00e4nniskor med t ex ADHD och Aspergers syndrom blivit s\u00e5 mycket h\u00e5rdare och sv\u00e5rare!  D\u00e4rf\u00f6r \u00e4r det inte alls f\u00f6rv\u00e5nande att autism inte upplevts i Somalia. Att j\u00e4mf\u00f6ra Somalia och Sverige \u00e4r som att j\u00e4mf\u00f6ra natt och dag!<\/p>\n<p><strong>Bejerot och Humble b\u00f6r sluta skr\u00e4mma upp m\u00e4nniskor med hot om epidemier!<\/strong><br \/>\nEgenskaper inom autismspektrat \u00e4r ingen farsot utan har alltid funnits i alla tider! Det som dock inte funnits s\u00e5 l\u00e4nge \u00e4r det stresstempo och den ickehumana inst\u00e4llning som Sverige visar upp numera.<\/p>\n<p>Satsning b\u00f6r g\u00f6ras p\u00e5 skolan i f\u00f6rsta hand &#8211; liksom p\u00e5 vetenskapligt grundad neuropsykiatri!<br \/>\nAtt k\u00e4ka D-vitaminkapslar kan kanske vara bra f\u00f6r vissa personer men b\u00e4ttre \u00e4nd\u00e5 \u00e4r att \u00e4ta fet fisk som t ex makrill och lax, som naturligt inneh\u00e5ller en av m\u00e5nga viktiga vitaminer &#8211; vitamin D.<br \/>\nAtt s\u00e4tta skolb\u00e4nken ute i solskenet p\u00e5 skolg\u00e5rden f\u00f6r eleven med n\u00e5gon form av autismdiagnos \u00e4r rent l\u00f6jev\u00e4ckande!<\/p>\n<p><strong>Autism har alltid funnits! Stress och stressrelaterade sjukdomar \u00e4r nytt! Och DET g\u00f6r situationen mycket allvarlig, ibland rent f\u00f6r\u00f6dande, f\u00f6r m\u00e4nniskor med n\u00e5gon egenskap inom autismspektrat!<\/strong><\/p>\n","protected":false},"excerpt":{"rendered":"<p>Jag har v\u00e4l aldrig h\u00f6rt p\u00e5 maken till dumheter!! \u00d6verl\u00e4karna Susanne Bejerot och Mats Humble, som f\u00f6r \u00f6vrigt \u00e4r samarbetspartners i ett gemensamt f\u00f6retag, skriver i DN idag om att &#8221;undvikandet av solljus har blivit en h\u00e4lsorisk.&#8221; I en debattartikel varnar dessa l\u00e4kare f\u00f6r &#8221;en epidemi av autism&#8221;!! ?? De skriver att f\u00f6rekomsten av diagnoser [&hellip;]<\/p>\n","protected":false},"author":1,"featured_media":0,"comment_status":"open","ping_status":"open","sticky":false,"template":"","format":"standard","meta":[],"categories":[107,101],"tags":[],"_links":{"self":[{"href":"http:\/\/www.filindeblogg.nu\/index.php?rest_route=\/wp\/v2\/posts\/1805"}],"collection":[{"href":"http:\/\/www.filindeblogg.nu\/index.php?rest_route=\/wp\/v2\/posts"}],"about":[{"href":"http:\/\/www.filindeblogg.nu\/index.php?rest_route=\/wp\/v2\/types\/post"}],"author":[{"embeddable":true,"href":"http:\/\/www.filindeblogg.nu\/index.php?rest_route=\/wp\/v2\/users\/1"}],"replies":[{"embeddable":true,"href":"http:\/\/www.filindeblogg.nu\/index.php?rest_route=%2Fwp%2Fv2%2Fcomments&post=1805"}],"version-history":[{"count":1,"href":"http:\/\/www.filindeblogg.nu\/index.php?rest_route=\/wp\/v2\/posts\/1805\/revisions"}],"predecessor-version":[{"id":6079,"href":"http:\/\/www.filindeblogg.nu\/index.php?rest_route=\/wp\/v2\/posts\/1805\/revisions\/6079"}],"wp:attachment":[{"href":"http:\/\/www.filindeblogg.nu\/index.php?rest_route=%2Fwp%2Fv2%2Fmedia&parent=1805"}],"wp:term":[{"taxonomy":"category","embeddable":true,"href":"http:\/\/www.filindeblogg.nu\/index.php?rest_route=%2Fwp%2Fv2%2Fcategories&post=1805"},{"taxonomy":"post_tag","embeddable":true,"href":"http:\/\/www.filindeblogg.nu\/index.php?rest_route=%2Fwp%2Fv2%2Ftags&post=1805"}],"curies":[{"name":"wp","href":"https:\/\/api.w.org\/{rel}","templated":true}]}}