{"id":16520,"date":"2011-01-26T10:26:23","date_gmt":"2011-01-26T09:26:23","guid":{"rendered":"http:\/\/www.filindeblogg.nu\/?p=16520"},"modified":"2011-01-26T10:26:23","modified_gmt":"2011-01-26T09:26:23","slug":"dissa-dn-torka-blodet-av-handerna","status":"publish","type":"post","link":"http:\/\/www.filindeblogg.nu\/?p=16520","title":{"rendered":"Dissa DN! Torka blodet av h\u00e4nderna!"},"content":{"rendered":"<p><a rel=\"attachment wp-att-16533\" href=\"http:\/\/www.filindeblogg.nu\/?attachment_id=16533\"><img loading=\"lazy\" class=\"alignnone size-full wp-image-16533\" title=\"Bojkotta p\u00e4ls 2\" src=\"http:\/\/www.filindeblogg.nu\/wp-content\/uploads\/2011\/01\/Bojkotta-p\u00e4ls-2.jpg\" alt=\"\" width=\"189\" height=\"267\" \/><\/a> I s\u00f6ndags hade redakt\u00f6r <strong>Maria Lindholm i <a href=\"http:\/\/www.dn.se\/nyheter\/sverige\/manvargvalpar-fodda-pa-nordens-ark\">DN <\/a>S\u00f6ndag<\/strong> en artikel under vinjetten <strong><em>&#8221;Trend och folk&#8221;.<\/em><\/strong> (maria.lindholm@dn.se f\u00f6r den som vill kontakta henne)<a href=\"http:\/\/www.svd.se\/nyheter\/inrikes\/odlat-kott-vaxer-langsamt_5893171.svd\">.<\/a><\/p>\n<p><strong><em>&#8221;M\u00f6ssan som sitter p\u00e5 halva Stockholm&#8221;<\/em><\/strong> var rubriken. <a rel=\"attachment wp-att-16521\" href=\"http:\/\/www.filindeblogg.nu\/?attachment_id=16521\"><img loading=\"lazy\" class=\"alignnone size-medium wp-image-16521\" title=\"IMG_0285\" src=\"http:\/\/www.filindeblogg.nu\/wp-content\/uploads\/2011\/01\/IMG_0285-300x225.jpg\" alt=\"\" width=\"240\" height=\"180\" srcset=\"http:\/\/www.filindeblogg.nu\/wp-content\/uploads\/2011\/01\/IMG_0285-300x225.jpg 300w, http:\/\/www.filindeblogg.nu\/wp-content\/uploads\/2011\/01\/IMG_0285-1024x768.jpg 1024w\" sizes=\"(max-width: 240px) 100vw, 240px\" \/><\/a> Jag citerar ur artikeln:<strong><em> &#8221;Den sm\u00f6g sig in i gatubilden. Pl\u00f6tsligt \u00e4r den \u00f6verallt: Den stickade m\u00f6ssan med p\u00e4lstofs. Icke att f\u00f6rv\u00e4xla med 80-talets slalomm\u00f6ssor med garntofs, utan en riktig p\u00e4lstofs av bl\u00e5r\u00e4v.&#8221;<\/em><\/strong><\/p>\n<p>Skaparen<strong> HPI of Sweden<\/strong> som \u00e4r skaparna har gjort &#8221;p\u00e4lsaccessoarer&#8221; i 75 \u00e5r &#8211; och de senaste 25 \u00e5ren bl.a. till <strong>NK<\/strong> s\u00e4ger via <strong>VD \u00c5ke Hellstr\u00f6m<\/strong>, citat: <em>&#8221;Det har varit brist hela tiden hur m\u00e5nga vi \u00e4n har levererat&#8221;<\/em> och konstaterar att efterfr\u00e5gan &#8221;exploderat&#8221;<a href=\"http:\/\/www.aftonbladet.se\/nyheter\/article8464646.ab\">.<\/a><\/p>\n<p>Vidare i texten, citat Maria Lindholm: <em>&#8221;Det \u00e4r inget suversivt mode i framkant, men <strong>det \u00e4r tecken i tiden b\u00e5de att p\u00e4ls numera \u00e4r avdramatiserat f\u00f6r s\u00e5 m\u00e5nga<\/strong> &#8211; och att det inte kr\u00e4vs reklambudget f\u00f6r att starta en j\u00e4ttetrend.&#8221;<\/em><\/p>\n<p><span style=\"text-decoration: underline;\"><strong>BU f\u00f6r Maria Lindholm och BU f\u00f6r DN som skriver s\u00e5dan sm\u00f6rja!<\/strong><\/span> P\u00e4lsen ska sj\u00e4lvklart sitta kvar p\u00e5 djuret och vad \u00e4r det f\u00f6r idiottrend att offra bl\u00e5r\u00e4v f\u00f6r en tofs p\u00e5 skallen!!??<\/p>\n<p>P\u00e4ls \u00e4r absolut inte &#8221;avdramatiserat&#8221; och DN borde h\u00e5lla sig f\u00f6r god att uppmuntra denna moderiktning!<\/p>\n<p>P\u00e5 Internet hittar jag dessa bilder fr\u00e5n en r\u00e4vfarm i \u00d6sterbotten<a href=\"http:\/\/www.expressen.se\/nyheter\/1.2304137\/ebba-von-sydow-ska-hon-lyckas-forpesta-mitt-liv\">:<\/a> <a rel=\"attachment wp-att-16522\" href=\"http:\/\/www.filindeblogg.nu\/?attachment_id=16522\"><img loading=\"lazy\" class=\"alignnone size-full wp-image-16522\" title=\"R\u00e4v i bur 2\" src=\"http:\/\/www.filindeblogg.nu\/wp-content\/uploads\/2011\/01\/R\u00e4v-i-bur-2.jpg\" alt=\"\" width=\"200\" height=\"133\" \/><\/a><\/p>\n<p><a rel=\"attachment wp-att-16523\" href=\"http:\/\/www.filindeblogg.nu\/?attachment_id=16523\"><img loading=\"lazy\" class=\"alignnone size-full wp-image-16523\" title=\"R\u00e4vfarm\" src=\"http:\/\/www.filindeblogg.nu\/wp-content\/uploads\/2011\/01\/R\u00e4vfarm.jpg\" alt=\"\" width=\"256\" height=\"170\" \/><\/a><\/p>\n<p>Och denna <a rel=\"attachment wp-att-16524\" href=\"http:\/\/www.filindeblogg.nu\/?attachment_id=16524\"><img loading=\"lazy\" class=\"alignnone size-full wp-image-16524\" title=\"R\u00e4v i bur 1\" src=\"http:\/\/www.filindeblogg.nu\/wp-content\/uploads\/2011\/01\/R\u00e4v-i-bur-1.jpg\" alt=\"\" width=\"200\" height=\"150\" \/><\/a> Skandal\u00f6st! M\u00e4rkligt hur personen som har bilderna p\u00e5 sin blogg inte sj\u00e4lv reagerar \u00f6ver djurens bel\u00e4genhet. Tv\u00e4rtom har hon gjort en utflykt till r\u00e4vfarmen med sin lilla dotter. Hennes blogg hittar ni genom att klicka<a href=\"http:\/\/rovarlivochstillastunder.blogspot.com\/2007\/06\/tillkning-p-rvfarm.html\"><strong> H\u00c4R!<\/strong><\/a><\/p>\n<p>H\u00e4r en \u00e4ldre bild d\u00e5 p\u00e4lsfarmer av n\u00e5gon anledning var mer accepterade: <a rel=\"attachment wp-att-16526\" href=\"http:\/\/www.filindeblogg.nu\/?attachment_id=16526\"><a rel=\"attachment wp-att-16526\" href=\"http:\/\/www.filindeblogg.nu\/?attachment_id=16526\"><img loading=\"lazy\" class=\"alignnone size-full wp-image-16526\" title=\"R\u00e4vfarm gammal bild\" src=\"http:\/\/www.filindeblogg.nu\/wp-content\/uploads\/2011\/01\/R\u00e4vfarm-gammal-bild.jpg\" alt=\"\" width=\"140\" height=\"112\" \/><\/a><br \/>\n<\/a><\/p>\n<p>Fruktansv\u00e4rda bilder av pl\u00e5gade djur som lever under hemska f\u00f6rh\u00e5llanden bara f\u00f6r att bli en tofs p\u00e5 en m\u00f6ssa som Maria Lindholm p\u00e5 DN, med blod p\u00e5 h\u00e4nderna, vill g\u00f6ra reklam f\u00f6r! <span style=\"text-decoration: underline;\"><strong>Sk\u00e4rpning DN!<\/strong><\/span><\/p>\n<p style=\"text-align: center;\">Bl\u00e5r\u00e4var ska ha p\u00e4lsen kvar och leva fritt i naturen! Tofs till m\u00f6ssan kan du sticka sj\u00e4lv!<\/p>\n<p><a rel=\"attachment wp-att-16525\" href=\"http:\/\/www.filindeblogg.nu\/?attachment_id=16525\"><img loading=\"lazy\" class=\"aligncenter size-full wp-image-16525\" title=\"Bl\u00e5r\u00e4v Fj\u00e4llr\u00e4v levande\" src=\"http:\/\/www.filindeblogg.nu\/wp-content\/uploads\/2011\/01\/Bl\u00e5r\u00e4v-Fj\u00e4llr\u00e4v-levande.jpg\" alt=\"\" width=\"220\" height=\"162\" \/><\/a><\/p>\n<p>Sj\u00e4lvklart t\u00e4nker jag kontakta DN och klaga! G\u00f6r det du ocks\u00e5! Maria Lindholms mailadress ser du ovan!<\/p>\n<p style=\"text-align: center;\"><a rel=\"attachment wp-att-16534\" href=\"http:\/\/www.filindeblogg.nu\/?attachment_id=16534\"><img loading=\"lazy\" class=\"aligncenter size-full wp-image-16534\" title=\"Bojkotta p\u00e4ls 1\" src=\"http:\/\/www.filindeblogg.nu\/wp-content\/uploads\/2011\/01\/Bojkotta-p\u00e4ls-1.jpg\" alt=\"\" width=\"210\" height=\"296\" srcset=\"http:\/\/www.filindeblogg.nu\/wp-content\/uploads\/2011\/01\/Bojkotta-p\u00e4ls-1.jpg 350w, http:\/\/www.filindeblogg.nu\/wp-content\/uploads\/2011\/01\/Bojkotta-p\u00e4ls-1-212x300.jpg 212w\" sizes=\"(max-width: 210px) 100vw, 210px\" \/><\/a><\/p>\n","protected":false},"excerpt":{"rendered":"<p>I s\u00f6ndags hade redakt\u00f6r Maria Lindholm i DN S\u00f6ndag en artikel under vinjetten &#8221;Trend och folk&#8221;. (maria.lindholm@dn.se f\u00f6r den som vill kontakta henne). &#8221;M\u00f6ssan som sitter p\u00e5 halva Stockholm&#8221; var rubriken. Jag citerar ur artikeln: &#8221;Den sm\u00f6g sig in i gatubilden. Pl\u00f6tsligt \u00e4r den \u00f6verallt: Den stickade m\u00f6ssan med p\u00e4lstofs. Icke att f\u00f6rv\u00e4xla med 80-talets [&hellip;]<\/p>\n","protected":false},"author":1,"featured_media":0,"comment_status":"open","ping_status":"open","sticky":false,"template":"","format":"standard","meta":[],"categories":[100,101,116],"tags":[],"_links":{"self":[{"href":"http:\/\/www.filindeblogg.nu\/index.php?rest_route=\/wp\/v2\/posts\/16520"}],"collection":[{"href":"http:\/\/www.filindeblogg.nu\/index.php?rest_route=\/wp\/v2\/posts"}],"about":[{"href":"http:\/\/www.filindeblogg.nu\/index.php?rest_route=\/wp\/v2\/types\/post"}],"author":[{"embeddable":true,"href":"http:\/\/www.filindeblogg.nu\/index.php?rest_route=\/wp\/v2\/users\/1"}],"replies":[{"embeddable":true,"href":"http:\/\/www.filindeblogg.nu\/index.php?rest_route=%2Fwp%2Fv2%2Fcomments&post=16520"}],"version-history":[{"count":20,"href":"http:\/\/www.filindeblogg.nu\/index.php?rest_route=\/wp\/v2\/posts\/16520\/revisions"}],"predecessor-version":[{"id":16548,"href":"http:\/\/www.filindeblogg.nu\/index.php?rest_route=\/wp\/v2\/posts\/16520\/revisions\/16548"}],"wp:attachment":[{"href":"http:\/\/www.filindeblogg.nu\/index.php?rest_route=%2Fwp%2Fv2%2Fmedia&parent=16520"}],"wp:term":[{"taxonomy":"category","embeddable":true,"href":"http:\/\/www.filindeblogg.nu\/index.php?rest_route=%2Fwp%2Fv2%2Fcategories&post=16520"},{"taxonomy":"post_tag","embeddable":true,"href":"http:\/\/www.filindeblogg.nu\/index.php?rest_route=%2Fwp%2Fv2%2Ftags&post=16520"}],"curies":[{"name":"wp","href":"https:\/\/api.w.org\/{rel}","templated":true}]}}