{"id":16143,"date":"2011-01-06T13:08:20","date_gmt":"2011-01-06T12:08:20","guid":{"rendered":"http:\/\/www.filindeblogg.nu\/?p=16143"},"modified":"2011-01-06T13:08:20","modified_gmt":"2011-01-06T12:08:20","slug":"klaparna-och-adhd","status":"publish","type":"post","link":"http:\/\/www.filindeblogg.nu\/?p=16143","title":{"rendered":"Kl\u00e5parna och ADHD"},"content":{"rendered":"<p><strong>British Medical Journal<\/strong> , medicinsk tidsskrift, avsl\u00f6jar nu bluffen som spreds \u00f6ver v\u00e4rlden 1988: Att barn skulle bli autistiska av trippelvaccinering. M\u00e4ngder av f\u00f6r\u00e4ldrar i v\u00e4stv\u00e4rlden v\u00e4grade efter rapporten, som  publicerades i tidskriften<strong> The Lancet<\/strong>, att l\u00e5ta sina barn f\u00e5 vaccinet  som inneh\u00e5ller skydd mot m\u00e4ssling, p\u00e5ssjuka och r\u00f6da hund<a href=\"http:\/\/www.dn.se\/nyheter\/varlden\/medveten-bluff-bakom-vaccinrappport\">.<\/a> I Sverige sj\u00f6nk antalet vaccinerade barn fr\u00e5n 97 till 88 procent.<\/p>\n<p>I <a href=\"http:\/\/www.svd.se\/nyheter\/utrikes\/medveten-bluff-bakom-vaccinrappport_5848401.svd\"><strong>Svenska Dagbladet<\/strong><\/a> l\u00e4ser jag, citat:<em> &#8221;Den ansvarige f\u00f6r studien, <strong>Andrew Wakefield,<\/strong> och hans forskarlag uppgav  att de funnit autism hos tolv barn och att de flesta av dessa f\u00e5tt  trippelvaccinet strax innan symtomen upptr\u00e4dde.&#8221;<\/em><\/p>\n<p>Vidare, citat: <strong><em>&#8221;Enligt BMJ fick Wakefield, som f\u00f6rnekar alla anklagelser, i hemlighet  hundratusentals dollar av en advokatbyr\u00e5 som planerade att f\u00f6r  vaccinmotst\u00e5ndares r\u00e4kning starta en r\u00e4ttslig process mot vaccinet.&#8221;<\/em><\/strong><\/p>\n<p>Lite l\u00e4ngre ner, citat:<em> &#8221;F\u00f6rra \u00e5ret f\u00f6rlorade Wakefield sin l\u00e4karlegitimation i Storbritannien p\u00e5 grund av studien.&#8221;<\/em><\/p>\n<p>L\u00f6gnerna och felaktigheterna om ADHD, Aspergers syndrom och andra egenskaper inom Autismspektrat \u00e4r m\u00e5nga &#8211; liksom f\u00f6rdomarna! N\u00e5gra av p\u00e5hitten \u00e4r t ex att TV-tittande ger ADHD och att sitta vid datorn ger Autism liksom att s\u00f6tsaker och godis kan ge samma problematik.<\/p>\n<p>Bluffmakarna och kl\u00e5parna som l\u00e5tsas vara f\u00f6rst\u00e5-sig-p\u00e5are f\u00f6rst\u00f6r v\u00e4ldigt mycket f\u00f6r en grupp m\u00e4nniskor som redan fr\u00e5n b\u00f6rjan har det sv\u00e5rt. Nu kommer jag os\u00f6kt in p\u00e5 de senaste <strong>Guldbaggenomineringarna.\u00a0<a rel=\"attachment wp-att-16151\" href=\"http:\/\/www.filindeblogg.nu\/?attachment_id=16151\"><img loading=\"lazy\" class=\"alignnone size-full wp-image-16151\" title=\"Guldbagge\" src=\"http:\/\/www.filindeblogg.nu\/wp-content\/uploads\/2011\/01\/Guldbagge.jpg\" alt=\"\" width=\"160\" height=\"113\" \/><\/a><\/strong><\/p>\n<p>En nomineringsjury best\u00e5ende av 34 ledam\u00f6ter har genom en sluten  omr\u00f6stning r\u00f6stat fram f\u00f6ljande nomineringar till 2010 \u00e5rs Guldbaggar,  skriver SVT p\u00e5 n\u00e4tet. I gruppen <strong>B\u00e4sta film: <\/strong><a href=\"http:\/\/www.expressen.se\/noje\/1.2277415\/i-dag-presenterades-nomineringarna-till-guldbaggegalan\"><strong><em>&#8221;I rymden finns inga k\u00e4nslor&#8221; <\/em><\/strong><\/a>tillsammans med <em>&#8221;Sebbe&#8221;<\/em> och &#8221;<em>Svinal\u00e4ngorna&#8221;.<\/em><\/p>\n<p><a rel=\"attachment wp-att-16144\" href=\"http:\/\/www.filindeblogg.nu\/?attachment_id=16144\"><br \/>\n<\/a> <a rel=\"attachment wp-att-16144\" href=\"http:\/\/www.filindeblogg.nu\/?attachment_id=16144\"><img loading=\"lazy\" class=\"alignnone size-medium wp-image-16144\" title=\"Bill och I rymden\" src=\"http:\/\/www.filindeblogg.nu\/wp-content\/uploads\/2011\/01\/Bill-och-I-rymden-300x163.jpg\" alt=\"\" width=\"180\" height=\"98\" srcset=\"http:\/\/www.filindeblogg.nu\/wp-content\/uploads\/2011\/01\/Bill-och-I-rymden-300x163.jpg 300w, http:\/\/www.filindeblogg.nu\/wp-content\/uploads\/2011\/01\/Bill-och-I-rymden.jpg 304w\" sizes=\"(max-width: 180px) 100vw, 180px\" \/><\/a> &#8221;I rymden finns inga k\u00e4nslor&#8221; \u00e4r ocks\u00e5 nominerad till en guldbagge i f\u00f6ljande grupper: B\u00e4sta manliga huvudroll (<strong>Bill Skarsg\u00e5rd<\/strong>), B\u00e4sta kvinnliga biroll (<strong>Cecilia Forss<\/strong>) och B\u00e4sta manuskript (<strong>Jonathan Sj\u00f6berg och Andreas \u00d6hman<\/strong>).<\/p>\n<p>Just det sistn\u00e4mnda, &#8221;B\u00e4sta manuskript&#8221;, m\u00e5ste anses synnerligen anm\u00e4rkningsv\u00e4rt! Ja, inte f\u00f6r kl\u00e5parna f\u00f6rst\u00e5s och f\u00f6r dom som tror dom vet &#8211; men inte fattar n\u00e5gonting!<br \/>\nManuskriptet har verkligen blivit ifr\u00e5gasatt av de som kan <strong>Aspergers syndrom (AS)<\/strong>. De m\u00e4nniskor som har Aspergersdiagnos och deras anh\u00f6riga samt l\u00e4rare och l\u00e4kare.<br \/>\nFilmen speglar inte alls en person med AS &#8211; utan \u00e4r ett hopkok av olika diagnoser och tillst\u00e5nd. Allt detta tog jag och flera med mig upp vid ett m\u00f6te med manusf\u00f6rfattarna.<strong> Jonathan Sj\u00f6berg och Andreas \u00d6hman<\/strong> erk\u00e4nde att de inte fr\u00e5gat n\u00e5gon om r\u00e5d vad g\u00e4ller AS under filmens tillkomst. Det s\u00e4ger v\u00e4l allt!<\/p>\n<p><em>&#8221;I rymden finns inga k\u00e4nslor&#8221; <\/em>blir en bluff precis som bluffen om den farliga trippelvaccineringen. Jag har h\u00f6rt m\u00e5nga som, efter att ha sett filmen, sagt:<em> &#8221;Nu f\u00f6rst\u00e5r jag precis hur det \u00e4r att ha Aspergers syndrom&#8221;<\/em>. Farligt och skr\u00e4mmande n\u00e4r man inser konsekvenserna!<\/p>\n<p>Att ha Aspergers syndrom betyder inte att man inte vet vad k\u00e4nslor \u00e4r. Det betyder inte heller att en vuxen man rymmer in i en tunna n\u00e4r han m\u00e5r d\u00e5ligt. Att ha AS inneb\u00e4r inte att man \u00e4r dum i huvudet eller ingenting f\u00f6rst\u00e5r.<\/p>\n<p>Se bara p\u00e5 dessa killar som man tror hade\/har just AS. <a rel=\"attachment wp-att-16145\" href=\"http:\/\/www.filindeblogg.nu\/?attachment_id=16145\"><img loading=\"lazy\" class=\"alignnone size-full wp-image-16145\" title=\"Einstein\" src=\"http:\/\/www.filindeblogg.nu\/wp-content\/uploads\/2011\/01\/Einstein.jpg\" alt=\"\" width=\"132\" height=\"165\" \/><\/a> <strong>Albert Einstein och Bill Gates <\/strong><a rel=\"attachment wp-att-16146\" href=\"http:\/\/www.filindeblogg.nu\/?attachment_id=16146\"><img loading=\"lazy\" class=\"alignnone size-medium wp-image-16146\" title=\"Bill Gates\" src=\"http:\/\/www.filindeblogg.nu\/wp-content\/uploads\/2011\/01\/Bill-Gates-225x300.jpg\" alt=\"\" width=\"135\" height=\"180\" srcset=\"http:\/\/www.filindeblogg.nu\/wp-content\/uploads\/2011\/01\/Bill-Gates-225x300.jpg 225w, http:\/\/www.filindeblogg.nu\/wp-content\/uploads\/2011\/01\/Bill-Gates.jpg 300w\" sizes=\"(max-width: 135px) 100vw, 135px\" \/><\/a><\/p>\n<p>Att ha ADHD, Aspergers syndrom eller andra egenskaper inom Autismspektrat inneb\u00e4r att man \u00e4r precis som alla andra m\u00e4nniskor! R\u00e4tt normalbeg\u00e5vad eller en stj\u00e4rna! Detta om man utg\u00e5r fr\u00e5n att det inte finns n\u00e5gonting som kallas &#8221;normal&#8221;.<\/p>\n<p>F\u00f6r vem \u00e4r normal? Det \u00e4r det som \u00e4r den stora fr\u00e5gan? Personer med t ex ADHD anses ofta &#8221;inte riktigt normala&#8221;. Men vem \u00e4r normal och vad inneb\u00e4r det i s\u00e5 fall? Vem best\u00e4mmer normaliteten och vilka som f\u00e5r ing\u00e5 i den kategorin?<\/p>\n<p>Gl\u00f6m normalfacket och var tacksam om du inte anses h\u00f6ra dit! Sluta str\u00e4va efter n\u00e5gon form av normalitet som andra personer uppr\u00e4ttat kraven f\u00f6r! Var dig sj\u00e4lv och ha ett \u00f6ppet sinne!<\/p>\n<p><strong>BU f\u00f6r Guldbaggenomineringen av &#8221;I rymden finns inga k\u00e4nslor&#8221;! Det visar bara vilka amat\u00f6rer som s\u00e4ger sig kunna v\u00e4lja ut &#8221;\u00c5rets b\u00e4sta film&#8221;!<\/strong><\/p>\n<p><strong>BU ocks\u00e5 f\u00f6r bluffar som den Andrew Wakefield genomf\u00f6rde med trippelvaccinet!<\/strong><\/p>\n<p><strong>L\u00e4s mera <a href=\"http:\/\/www.attention-riks.se\/\">H\u00c4R <\/a>om ADHD och Aspergers syndrom!<a href=\"http:\/\/www.autism.se\/\"> H\u00c4R<\/a> finns ocks\u00e5 information! <\/strong><\/p>\n<p><strong><a rel=\"attachment wp-att-16154\" href=\"http:\/\/www.filindeblogg.nu\/?attachment_id=16154\"><img loading=\"lazy\" class=\"aligncenter size-full wp-image-16154\" title=\"M\u00e4nniskor\" src=\"http:\/\/www.filindeblogg.nu\/wp-content\/uploads\/2011\/01\/M\u00e4nniskor.jpg\" alt=\"\" width=\"259\" height=\"194\" \/><\/a><br \/>\n<\/strong><\/p>\n<p><strong><em><br \/>\n<\/em><\/strong><\/p>\n","protected":false},"excerpt":{"rendered":"<p>British Medical Journal , medicinsk tidsskrift, avsl\u00f6jar nu bluffen som spreds \u00f6ver v\u00e4rlden 1988: Att barn skulle bli autistiska av trippelvaccinering. M\u00e4ngder av f\u00f6r\u00e4ldrar i v\u00e4stv\u00e4rlden v\u00e4grade efter rapporten, som publicerades i tidskriften The Lancet, att l\u00e5ta sina barn f\u00e5 vaccinet som inneh\u00e5ller skydd mot m\u00e4ssling, p\u00e5ssjuka och r\u00f6da hund. I Sverige sj\u00f6nk antalet vaccinerade [&hellip;]<\/p>\n","protected":false},"author":1,"featured_media":0,"comment_status":"open","ping_status":"open","sticky":false,"template":"","format":"standard","meta":[],"categories":[107,100,101],"tags":[],"_links":{"self":[{"href":"http:\/\/www.filindeblogg.nu\/index.php?rest_route=\/wp\/v2\/posts\/16143"}],"collection":[{"href":"http:\/\/www.filindeblogg.nu\/index.php?rest_route=\/wp\/v2\/posts"}],"about":[{"href":"http:\/\/www.filindeblogg.nu\/index.php?rest_route=\/wp\/v2\/types\/post"}],"author":[{"embeddable":true,"href":"http:\/\/www.filindeblogg.nu\/index.php?rest_route=\/wp\/v2\/users\/1"}],"replies":[{"embeddable":true,"href":"http:\/\/www.filindeblogg.nu\/index.php?rest_route=%2Fwp%2Fv2%2Fcomments&post=16143"}],"version-history":[{"count":10,"href":"http:\/\/www.filindeblogg.nu\/index.php?rest_route=\/wp\/v2\/posts\/16143\/revisions"}],"predecessor-version":[{"id":16158,"href":"http:\/\/www.filindeblogg.nu\/index.php?rest_route=\/wp\/v2\/posts\/16143\/revisions\/16158"}],"wp:attachment":[{"href":"http:\/\/www.filindeblogg.nu\/index.php?rest_route=%2Fwp%2Fv2%2Fmedia&parent=16143"}],"wp:term":[{"taxonomy":"category","embeddable":true,"href":"http:\/\/www.filindeblogg.nu\/index.php?rest_route=%2Fwp%2Fv2%2Fcategories&post=16143"},{"taxonomy":"post_tag","embeddable":true,"href":"http:\/\/www.filindeblogg.nu\/index.php?rest_route=%2Fwp%2Fv2%2Ftags&post=16143"}],"curies":[{"name":"wp","href":"https:\/\/api.w.org\/{rel}","templated":true}]}}