{"id":15026,"date":"2010-11-16T10:02:30","date_gmt":"2010-11-16T09:02:30","guid":{"rendered":"http:\/\/www.filindeblogg.nu\/?p=15026"},"modified":"2010-11-16T10:03:34","modified_gmt":"2010-11-16T09:03:34","slug":"adhd-ar-du-dum-i-huvudet","status":"publish","type":"post","link":"http:\/\/www.filindeblogg.nu\/?p=15026","title":{"rendered":"ADHD &#8211; \u00e4r du dum i huvudet!?"},"content":{"rendered":"<p>Dampunge \u00e4r ett sk\u00e4llsord som anv\u00e4nds av en del. DAMP \u00e4r en gammal beteckning f\u00f6r <strong>ADHD<\/strong>. ADHD \u00e4r en f\u00f6rkortning av engelskans <em>attention deficit\/hyperactivity disorder<\/em>, som brukar \u00f6vers\u00e4ttas med uppm\u00e4rksamhetsst\u00f6rning med \u00f6veraktivitet.<\/p>\n<p>ADHD-unge g\u00e5r inte lika l\u00e4tt och ledigt att vr\u00e4ka ur sig n\u00e4r man vill mobba n\u00e5gon &#8211; och det k\u00e4nns sk\u00f6nt. Att n\u00e5gon skulle vara idiot f\u00f6r att han eller hon har sv\u00e5rt med uppm\u00e4rksamheten eller ha sv\u00e5rt att sitta stilla verkar faktiskt, ja rent idiotiskt!<\/p>\n<p>ADHD och andra neuropsykiatriska egenskaper har ingenting med intelligens att g\u00f6ra, snarare tv\u00e4rtom. Det finns v\u00e4ldigt m\u00e5nga smarta personer med just ADHD, <strong>Aspergers syndrom <\/strong>och andra diagnoser inom Autismspektrat.<strong> Tommy M\u00e4kel\u00e4<\/strong> \u00e4r en av dom! <a rel=\"attachment wp-att-15027\" href=\"http:\/\/www.filindeblogg.nu\/?attachment_id=15027\"><img loading=\"lazy\" class=\"alignnone size-large wp-image-15027\" title=\"IMG_8497\" src=\"http:\/\/www.filindeblogg.nu\/wp-content\/uploads\/2010\/11\/IMG_8497-1024x768.jpg\" alt=\"\" width=\"368\" height=\"277\" srcset=\"http:\/\/www.filindeblogg.nu\/wp-content\/uploads\/2010\/11\/IMG_8497-1024x768.jpg 1024w, http:\/\/www.filindeblogg.nu\/wp-content\/uploads\/2010\/11\/IMG_8497-300x225.jpg 300w\" sizes=\"(max-width: 368px) 100vw, 368px\" \/><\/a> Reportaget h\u00e4r intill \u00e4r taget ur <strong>DN S\u00f6ndag 14\/11<\/strong> och finns i Ekonomidelen. Tyv\u00e4rr har jag inte hittat den \u00e4n i n\u00e4tupplagan.<\/p>\n<p>Tommy M\u00e4kel\u00e4 har b\u00e5da diagnoserna ADHD och Aspergers syndrom. Han s\u00e5gs som ett &#8221;problembarn&#8221; i skolan och har alltid f\u00e5tt h\u00f6ra att av honom skulle det inte bli n\u00e5gonting. Men hans mamma och pappa trodde p\u00e5 honom, st\u00f6ttade och k\u00e4mpade. Tidningen skriver, citat: <em>&#8221;Det \u00e4r en viktig f\u00f6rklaring till att han har lyckats \u00f6verbrygga sina sv\u00e5righeter.&#8221;<\/em><\/p>\n<p>Men vad g\u00f6r det barn som inte har n\u00e5gon mamma och pappa som f\u00f6rst\u00e5r? Eller som har f\u00f6r\u00e4ldrar med samma sv\u00e5righeter och d\u00e4rmed sv\u00e5rt att f\u00f6rst\u00e5 b\u00e5de sig sj\u00e4lv och sitt barn?<\/p>\n<p>En del av dom sitter p\u00e5 Kumla. Det \u00e4r n\u00e4mligen bra med intelligens och smarthet n\u00e4r man planerar grova brott&#8230;<\/p>\n<p>Tommy M\u00e4kel\u00e4 hade tur. Trots of\u00f6rst\u00e5ende l\u00e4rare och skolor som helst vill g\u00f6ra sig av med &#8221;problemen&#8221; p\u00e5 enklaste s\u00e4tt &#8211; klarade han sig. Tommy \u00e4r idag verksamhetschef f\u00f6r<strong> Olivia f\u00f6rel\u00e4sning, <\/strong>som \u00e4r en del av <a href=\"http:\/\/www.ringolivia.nu\/\"><strong>Olivia<\/strong><\/a>. Klicka <a href=\"http:\/\/www.oliviaforelasning.se\/\"><strong>H\u00c4R<\/strong><\/a> f\u00f6r att komma till Tommys f\u00f6retag! <a rel=\"attachment wp-att-15028\" href=\"http:\/\/www.filindeblogg.nu\/?attachment_id=15028\"><img loading=\"lazy\" class=\"alignnone size-medium wp-image-15028\" title=\"IMG_8500\" src=\"http:\/\/www.filindeblogg.nu\/wp-content\/uploads\/2010\/11\/IMG_8500-300x225.jpg\" alt=\"\" width=\"210\" height=\"158\" srcset=\"http:\/\/www.filindeblogg.nu\/wp-content\/uploads\/2010\/11\/IMG_8500-300x225.jpg 300w, http:\/\/www.filindeblogg.nu\/wp-content\/uploads\/2010\/11\/IMG_8500-1024x768.jpg 1024w\" sizes=\"(max-width: 210px) 100vw, 210px\" \/><\/a><\/p>\n<p>S\u00e5 h\u00e4r s\u00e4ger Tommy: <a rel=\"attachment wp-att-15029\" href=\"http:\/\/www.filindeblogg.nu\/?attachment_id=15029\"><img loading=\"lazy\" class=\"alignnone size-medium wp-image-15029\" title=\"IMG_8499\" src=\"http:\/\/www.filindeblogg.nu\/wp-content\/uploads\/2010\/11\/IMG_8499-225x300.jpg\" alt=\"\" width=\"225\" height=\"300\" srcset=\"http:\/\/www.filindeblogg.nu\/wp-content\/uploads\/2010\/11\/IMG_8499-225x300.jpg 225w, http:\/\/www.filindeblogg.nu\/wp-content\/uploads\/2010\/11\/IMG_8499-768x1024.jpg 768w\" sizes=\"(max-width: 225px) 100vw, 225px\" \/><\/a> Att g\u00f6ra saker som andra inte riktigt v\u00e5gar, den erfarenheten har jag ocks\u00e5 av personer med ADHD och Aspergers syndrom.<\/p>\n<p>Att v\u00e5ga ta steget! V\u00e5ga v\u00e4lja nya v\u00e4gar! V\u00e5ga satsa! V\u00e5ga se saker och ting p\u00e5 annorlunda s\u00e4tt. Det \u00e4r finessen med ADHD och Aspergers syndrom! F\u00f6r det \u00e4r en finess om man anv\u00e4nder den r\u00e4tt<a href=\"http:\/\/www.dn.se\/nyheter\/sverige\/mer-medicin-ska-minska-missbruk-1.1209480\">.<\/a> N\u00e5got extra, lite M\u00e4nniska+, brukar jag s\u00e4ga<a href=\"http:\/\/www.svd.se\/nyheter\/idagsidan\/avund-ar-ingen-skam_5676297.svd\">. <\/a><\/p>\n<p>M\u00e4nniska+ ska sj\u00e4lvklart &#8221;anv\u00e4ndas&#8221;. Dessa personer v\u00e5gar och kan utr\u00e4tta stord\u00e5d om de f\u00e5r chansen. Det g\u00e4ller inom alla omr\u00e5den. Att v\u00e5ga t\u00e4nka annorlunda, v\u00e5ga utmana och v\u00e5ga k\u00e4mpa<a href=\"http:\/\/gt.expressen.se\/nyheter\/1.2213665\/32-arige-mordaren-ska-psykundersokas\">. <\/a><\/p>\n<p>Det g\u00e4ller, som sagt, inom alla omr\u00e5den. F\u00e5r de h\u00e4r m\u00e4nniskorna inte en \u00e4rlig chans att leva som andra, utr\u00e4tta sina stord\u00e5d f\u00f6r samh\u00e4llet &#8211; s\u00e5 kan de komma att g\u00f6ra det inom den kriminella v\u00e4rlden.<\/p>\n<p>Ett v\u00e4lf\u00e4rdsland speglar hur v\u00e4l man tar hand om de som har det sv\u00e5rt, \u00e4r min absoluta synpunkt. Sverige \u00e4r d\u00e4rmed inget v\u00e4lf\u00e4rdsland. Alltf\u00f6r m\u00e5nga m\u00e4nniskor far illa p\u00e5 olika s\u00e4tt &#8211; och personer med ADHD och Aspergers syndrom \u00e4r n\u00e5gra av dom! En skam f\u00f6r Sverige! F\u00f6rutom att det \u00e4r en oerh\u00f6rd tragedi f\u00f6r de drabbade m\u00e4nniskorna \u00e4r det vansinnigt rent samh\u00e4llsekonomiskt.<\/p>\n<p>Klicka <a href=\"http:\/\/www.autism.se\/\"><strong>H\u00c4R<\/strong><\/a> f\u00f6r att komma till <strong>Autism- &amp; Aspergerf\u00f6rbundet<\/strong> och<a href=\"http:\/\/www.attention-riks.se\/\"><strong> H\u00c4R<\/strong><\/a> f\u00f6r att komma till<strong> Attention<\/strong> &#8211; intressef\u00f6reningen f\u00f6r m\u00e4nniskor med neuropsykiatriska funktionsneds\u00e4ttningar.<\/p>\n","protected":false},"excerpt":{"rendered":"<p>Dampunge \u00e4r ett sk\u00e4llsord som anv\u00e4nds av en del. DAMP \u00e4r en gammal beteckning f\u00f6r ADHD. ADHD \u00e4r en f\u00f6rkortning av engelskans attention deficit\/hyperactivity disorder, som brukar \u00f6vers\u00e4ttas med uppm\u00e4rksamhetsst\u00f6rning med \u00f6veraktivitet. ADHD-unge g\u00e5r inte lika l\u00e4tt och ledigt att vr\u00e4ka ur sig n\u00e4r man vill mobba n\u00e5gon &#8211; och det k\u00e4nns sk\u00f6nt. Att n\u00e5gon [&hellip;]<\/p>\n","protected":false},"author":1,"featured_media":0,"comment_status":"open","ping_status":"open","sticky":false,"template":"","format":"standard","meta":[],"categories":[107,100,101],"tags":[],"_links":{"self":[{"href":"http:\/\/www.filindeblogg.nu\/index.php?rest_route=\/wp\/v2\/posts\/15026"}],"collection":[{"href":"http:\/\/www.filindeblogg.nu\/index.php?rest_route=\/wp\/v2\/posts"}],"about":[{"href":"http:\/\/www.filindeblogg.nu\/index.php?rest_route=\/wp\/v2\/types\/post"}],"author":[{"embeddable":true,"href":"http:\/\/www.filindeblogg.nu\/index.php?rest_route=\/wp\/v2\/users\/1"}],"replies":[{"embeddable":true,"href":"http:\/\/www.filindeblogg.nu\/index.php?rest_route=%2Fwp%2Fv2%2Fcomments&post=15026"}],"version-history":[{"count":6,"href":"http:\/\/www.filindeblogg.nu\/index.php?rest_route=\/wp\/v2\/posts\/15026\/revisions"}],"predecessor-version":[{"id":15035,"href":"http:\/\/www.filindeblogg.nu\/index.php?rest_route=\/wp\/v2\/posts\/15026\/revisions\/15035"}],"wp:attachment":[{"href":"http:\/\/www.filindeblogg.nu\/index.php?rest_route=%2Fwp%2Fv2%2Fmedia&parent=15026"}],"wp:term":[{"taxonomy":"category","embeddable":true,"href":"http:\/\/www.filindeblogg.nu\/index.php?rest_route=%2Fwp%2Fv2%2Fcategories&post=15026"},{"taxonomy":"post_tag","embeddable":true,"href":"http:\/\/www.filindeblogg.nu\/index.php?rest_route=%2Fwp%2Fv2%2Ftags&post=15026"}],"curies":[{"name":"wp","href":"https:\/\/api.w.org\/{rel}","templated":true}]}}