{"id":14594,"date":"2010-10-27T14:31:19","date_gmt":"2010-10-27T13:31:19","guid":{"rendered":"http:\/\/www.filindeblogg.nu\/?p=14594"},"modified":"2010-10-27T14:31:20","modified_gmt":"2010-10-27T13:31:20","slug":"emma-2","status":"publish","type":"post","link":"http:\/\/www.filindeblogg.nu\/?p=14594","title":{"rendered":"Emma"},"content":{"rendered":"<p>S\u00e5 har jag d\u00e5 boken i min hand! <a rel=\"attachment wp-att-14595\" href=\"http:\/\/www.filindeblogg.nu\/?attachment_id=14595\"><img loading=\"lazy\" class=\"alignnone size-medium wp-image-14595\" title=\"IMG_8099\" src=\"http:\/\/www.filindeblogg.nu\/wp-content\/uploads\/2010\/10\/IMG_8099-225x300.jpg\" alt=\"\" width=\"158\" height=\"210\" srcset=\"http:\/\/www.filindeblogg.nu\/wp-content\/uploads\/2010\/10\/IMG_8099-225x300.jpg 225w, http:\/\/www.filindeblogg.nu\/wp-content\/uploads\/2010\/10\/IMG_8099-768x1024.jpg 768w\" sizes=\"(max-width: 158px) 100vw, 158px\" \/><\/a> <strong>Emma Jangestigs bok <em>&#8221;Varf\u00f6r gr\u00e5ter inte Emma?&#8221;<\/em><\/strong><\/p>\n<p>Strax f\u00f6re kl 14 var vi p\u00e5 <strong>Konsum i Arboga <\/strong>och d\u00e5 hade redan en k\u00f6 b\u00f6rjat formera sig! <a rel=\"attachment wp-att-14596\" href=\"http:\/\/www.filindeblogg.nu\/?attachment_id=14596\"><img loading=\"lazy\" class=\"alignnone size-medium wp-image-14596\" title=\"IMG_8093\" src=\"http:\/\/www.filindeblogg.nu\/wp-content\/uploads\/2010\/10\/IMG_8093-300x225.jpg\" alt=\"\" width=\"210\" height=\"158\" srcset=\"http:\/\/www.filindeblogg.nu\/wp-content\/uploads\/2010\/10\/IMG_8093-300x225.jpg 300w, http:\/\/www.filindeblogg.nu\/wp-content\/uploads\/2010\/10\/IMG_8093-1024x768.jpg 1024w\" sizes=\"(max-width: 210px) 100vw, 210px\" \/><\/a> N\u00e4r jag tittade p\u00e5 fotot jag tagit fick jag syn p\u00e5 &#8221;stj\u00e4rnan&#8221; h\u00f6gst upp! Stj\u00e4rnan som bildats av lampans ljus. Jag som tror p\u00e5 det ok\u00e4nda och tror att det finns mycket mer \u00e4n vi m\u00e4nniskor kan f\u00f6rklara &#8211; tror inte att denna &#8221;stj\u00e4rna&#8221; \u00e4r en slump. Tv\u00e5 sm\u00e5 barn vakade nog \u00f6ver sin mor idag d\u00e4r hon satt och signerade sin bok till alla som ville k\u00f6pa&#8230; <a rel=\"attachment wp-att-14597\" href=\"http:\/\/www.filindeblogg.nu\/?attachment_id=14597\"><img loading=\"lazy\" class=\"alignnone size-medium wp-image-14597\" title=\"IMG_8085\" src=\"http:\/\/www.filindeblogg.nu\/wp-content\/uploads\/2010\/10\/IMG_8085-300x225.jpg\" alt=\"\" width=\"210\" height=\"158\" srcset=\"http:\/\/www.filindeblogg.nu\/wp-content\/uploads\/2010\/10\/IMG_8085-300x225.jpg 300w, http:\/\/www.filindeblogg.nu\/wp-content\/uploads\/2010\/10\/IMG_8085-1024x768.jpg 1024w\" sizes=\"(max-width: 210px) 100vw, 210px\" \/><\/a><\/p>\n<p>Som en sol lyste hon upp hela Konsum och hade ett v\u00e4nligt ord till var och en! <a rel=\"attachment wp-att-14598\" href=\"http:\/\/www.filindeblogg.nu\/?attachment_id=14598\"><img loading=\"lazy\" class=\"alignnone size-medium wp-image-14598\" title=\"IMG_8084\" src=\"http:\/\/www.filindeblogg.nu\/wp-content\/uploads\/2010\/10\/IMG_8084-300x225.jpg\" alt=\"\" width=\"210\" height=\"158\" srcset=\"http:\/\/www.filindeblogg.nu\/wp-content\/uploads\/2010\/10\/IMG_8084-300x225.jpg 300w, http:\/\/www.filindeblogg.nu\/wp-content\/uploads\/2010\/10\/IMG_8084-1024x768.jpg 1024w\" sizes=\"(max-width: 210px) 100vw, 210px\" \/><\/a><\/p>\n<p>\u00c4ven bloggaren fick sig n\u00e5gra ord p\u00e5 v\u00e4gen! \ud83d\ude42 <a rel=\"attachment wp-att-14600\" href=\"http:\/\/www.filindeblogg.nu\/?attachment_id=14600\"><img loading=\"lazy\" class=\"alignnone size-medium wp-image-14600\" title=\"IMG_8088\" src=\"http:\/\/www.filindeblogg.nu\/wp-content\/uploads\/2010\/10\/IMG_8088-300x225.jpg\" alt=\"\" width=\"210\" height=\"158\" srcset=\"http:\/\/www.filindeblogg.nu\/wp-content\/uploads\/2010\/10\/IMG_8088-300x225.jpg 300w, http:\/\/www.filindeblogg.nu\/wp-content\/uploads\/2010\/10\/IMG_8088-1024x768.jpg 1024w\" sizes=\"(max-width: 210px) 100vw, 210px\" \/><\/a><\/p>\n<p><strong>Pappa Roland<\/strong> styrde och st\u00e4llde &#8211; som alltid en fast punkt bakom Emma. <a rel=\"attachment wp-att-14601\" href=\"http:\/\/www.filindeblogg.nu\/?attachment_id=14601\"><img loading=\"lazy\" class=\"alignnone size-medium wp-image-14601\" title=\"IMG_8089\" src=\"http:\/\/www.filindeblogg.nu\/wp-content\/uploads\/2010\/10\/IMG_8089-300x225.jpg\" alt=\"\" width=\"210\" height=\"158\" srcset=\"http:\/\/www.filindeblogg.nu\/wp-content\/uploads\/2010\/10\/IMG_8089-300x225.jpg 300w, http:\/\/www.filindeblogg.nu\/wp-content\/uploads\/2010\/10\/IMG_8089-1024x768.jpg 1024w\" sizes=\"(max-width: 210px) 100vw, 210px\" \/><\/a><\/p>\n<p>Mellan 14-16 sitter hon d\u00e4r\u00a0 &#8211; Emma och signerar sin bok om kv\u00e4llen som f\u00f6r\u00e4ndrade hennes liv. Alla ni som inte hade m\u00f6jligheten att k\u00f6pa boken p\u00e5 plats &#8211; eller om b\u00f6ckerna tog slut &#8211; det var begr\u00e4nsat antal och jag \u00e4r os\u00e4ker p\u00e5 om alla f\u00e5r med sig en bok hem idag &#8211; ni kan g\u00e5 in h\u00e4r nedan f\u00f6r att best\u00e4lla!<\/p>\n<p>Klicka p\u00e5<a href=\"http:\/\/www.adlibris.com\/se\/searchresult.aspx?search=quickfirstpage&amp;quickvalue=Emma+Jangestig&amp;title=Emma+Jangestig&amp;fromproduct=False\"><strong> Adlibris <\/strong><\/a>eller <a href=\"http:\/\/www.bokus.com\/cgi-bin\/product_search.cgi?search_word=Emma+Jangestig&amp;language=&amp;ac_used=yes\"><strong>Bokus <\/strong><\/a>och k\u00f6p &#8221;Varf\u00f6r gr\u00e5ter inte Emma?&#8221; Lite billigare via Internet men d\u00e5 f\u00e5r ni inte Emmas namnteckning i boken!<\/p>\n","protected":false},"excerpt":{"rendered":"<p>S\u00e5 har jag d\u00e5 boken i min hand! Emma Jangestigs bok &#8221;Varf\u00f6r gr\u00e5ter inte Emma?&#8221; Strax f\u00f6re kl 14 var vi p\u00e5 Konsum i Arboga och d\u00e5 hade redan en k\u00f6 b\u00f6rjat formera sig! N\u00e4r jag tittade p\u00e5 fotot jag tagit fick jag syn p\u00e5 &#8221;stj\u00e4rnan&#8221; h\u00f6gst upp! Stj\u00e4rnan som bildats av lampans ljus. Jag [&hellip;]<\/p>\n","protected":false},"author":1,"featured_media":0,"comment_status":"open","ping_status":"open","sticky":false,"template":"","format":"standard","meta":[],"categories":[102,100,101],"tags":[],"_links":{"self":[{"href":"http:\/\/www.filindeblogg.nu\/index.php?rest_route=\/wp\/v2\/posts\/14594"}],"collection":[{"href":"http:\/\/www.filindeblogg.nu\/index.php?rest_route=\/wp\/v2\/posts"}],"about":[{"href":"http:\/\/www.filindeblogg.nu\/index.php?rest_route=\/wp\/v2\/types\/post"}],"author":[{"embeddable":true,"href":"http:\/\/www.filindeblogg.nu\/index.php?rest_route=\/wp\/v2\/users\/1"}],"replies":[{"embeddable":true,"href":"http:\/\/www.filindeblogg.nu\/index.php?rest_route=%2Fwp%2Fv2%2Fcomments&post=14594"}],"version-history":[{"count":4,"href":"http:\/\/www.filindeblogg.nu\/index.php?rest_route=\/wp\/v2\/posts\/14594\/revisions"}],"predecessor-version":[{"id":14605,"href":"http:\/\/www.filindeblogg.nu\/index.php?rest_route=\/wp\/v2\/posts\/14594\/revisions\/14605"}],"wp:attachment":[{"href":"http:\/\/www.filindeblogg.nu\/index.php?rest_route=%2Fwp%2Fv2%2Fmedia&parent=14594"}],"wp:term":[{"taxonomy":"category","embeddable":true,"href":"http:\/\/www.filindeblogg.nu\/index.php?rest_route=%2Fwp%2Fv2%2Fcategories&post=14594"},{"taxonomy":"post_tag","embeddable":true,"href":"http:\/\/www.filindeblogg.nu\/index.php?rest_route=%2Fwp%2Fv2%2Ftags&post=14594"}],"curies":[{"name":"wp","href":"https:\/\/api.w.org\/{rel}","templated":true}]}}