{"id":14574,"date":"2010-10-27T09:08:54","date_gmt":"2010-10-27T08:08:54","guid":{"rendered":"http:\/\/www.filindeblogg.nu\/?p=14574"},"modified":"2010-10-27T09:11:36","modified_gmt":"2010-10-27T08:11:36","slug":"historien-om-emma","status":"publish","type":"post","link":"http:\/\/www.filindeblogg.nu\/?p=14574","title":{"rendered":"Historien om Emma"},"content":{"rendered":"<p>Idag skriver bl.a. lokala <a href=\"http:\/\/bblat.se\/nyheter\/arboga\/1.993433--max-och-saga-lever-vidare-genom-boken-\"><strong>Arboga Tidning <\/strong><\/a>om att <strong>Emma Jangestigs<\/strong> bok kommer ut. <a rel=\"attachment wp-att-14575\" href=\"http:\/\/www.filindeblogg.nu\/?attachment_id=14575\"><img loading=\"lazy\" class=\"alignnone size-medium wp-image-14575\" title=\"IMG_8080\" src=\"http:\/\/www.filindeblogg.nu\/wp-content\/uploads\/2010\/10\/IMG_8080-225x300.jpg\" alt=\"\" width=\"180\" height=\"240\" srcset=\"http:\/\/www.filindeblogg.nu\/wp-content\/uploads\/2010\/10\/IMG_8080-225x300.jpg 225w, http:\/\/www.filindeblogg.nu\/wp-content\/uploads\/2010\/10\/IMG_8080-768x1024.jpg 768w\" sizes=\"(max-width: 180px) 100vw, 180px\" \/><\/a> <strong><em>&#8221;Varf\u00f6r gr\u00e5ter inte Emma?&#8221;<\/em><\/strong> \u00e4r titeln p\u00e5 boken<a href=\"http:\/\/www.aftonbladet.se\/wendela\/article8021716.ab\">.<\/a><\/p>\n<p>Som vid andra, stora dramatiska h\u00e4ndelser kommer s\u00e4kert m\u00e5nga i v\u00e5r trakt ih\u00e5g exakt vad vi gjorde precis d\u00e5 &#8211; den<strong> 17 mars 2008 <\/strong>&#8211; eller kanske mera dagen d\u00e4rp\u00e5<a href=\"http:\/\/www.aftonbladet.se\/nyheter\/article7986931.ab\">.<\/a> Det \u00f6gonblick d\u00e5 vi fick h\u00f6ra talas om den fasansfulla nyheten att tv\u00e5 sm\u00e5 barn blivit m\u00f6rdade i v\u00e5r lilla stad <strong>Arboga<\/strong>. <strong>Tv\u00e5 barn m\u00f6rdade! Och deras mamma sv\u00e5rt skadad!<\/strong><\/p>\n<p>Den lilla sm\u00e5staden skakades och kom snart att st\u00e5 i hela<strong> Sveriges <\/strong>blickpunkt &#8211; ja, \u00e4ven utanf\u00f6r landets gr\u00e4nser ber\u00f6rdes man av h\u00e4ndelsen<a href=\"http:\/\/www.expressen.se\/nyheter\/1.2186623\/emma-jangestig-jag-har-hittat-hem-igen\">.<\/a><\/p>\n<p>Jag minns f\u00f6rst\u00e5s sj\u00e4lv den morgonen. Dagen efter. Jag slog p\u00e5 datorn och l\u00e4ste om morden. Det k\u00e4ndes fruktansv\u00e4rt och overkligt. Samtidigt t\u00e4nkte jag: <strong><em>&#8221;- Vem kan det vara? Vilka har drabbats s\u00e5 sv\u00e5rt?&#8221;<\/em><\/strong> I en liten stad som Arboga k\u00e4nner de flesta igen varandra.<br \/>\nAv bilder och text kunde jag lokalisera vilket hus morden intr\u00e4ffat i<a href=\"http:\/\/www.expressen.se\/nyheter\/1.2182215\/emma-jangestig-jag-blev-lite-hel-igen-nar-jag-fick-julia\">.<\/a> Jag br\u00f6t tv\u00e5 vita tulpaner fr\u00e5n buketten jag f\u00e5tt, tog fram ett v\u00e4rmeljus och begav mig till brottsplatsen.<\/p>\n<p>N\u00e4r jag kom dit var gatan avsp\u00e4rrad. Tv\u00e5 poliser intill gav mig tillst\u00e5nd att t\u00e4nda ljuset p\u00e5 marken och l\u00e4gga de tv\u00e5 sm\u00e5 tulpanknopparna intill. Allt k\u00e4ndes overkligt.<\/p>\n<p>P\u00e5 v\u00e4gen hem ringde min \u00e4ldste son och undrade om jag h\u00f6rt om den fruktansv\u00e4rda h\u00e4ndelsen. Han fr\u00e5gade om jag visste vilka det var som blivit \u00f6verfallna? Det visste jag inte. Jag hade bara spontant g\u00e5tt till platsen. Min son ber\u00e4ttade d\u00e5 att det var Emma! <strong>Emma Jangestig<\/strong>, en skolkamrat till honom!<\/p>\n<p>Jag blev \u00e4nnu mer chockad. Jag k\u00e4nde inte Emma d\u00e5. Jag hade tr\u00e4ffat henne f\u00f6rst\u00e5s och jag hade ett s\u00e4rskilt minne av henne.<br \/>\nHon och hennes skolklass hade bes\u00f6kt min arbetsplats n\u00e5gon g\u00e5ng i h\u00f6gstadiet. Jag h\u00f6ll ett f\u00f6redrag om arbete och om f\u00f6retaget men de flesta av ton\u00e5ringarna verkade fullst\u00e4ndigt ointresserade. Tittade ut genom f\u00f6nstret, blundade, tisslade med varandra och visade med all tydlighet hur trist allting var.<br \/>\nUtom en person! Emma! Hon utm\u00e4rkte sig bland alla andra! Str\u00e5lande glad, uppm\u00e4rksam och intresserad! Jag t\u00e4nkte: <strong><em>&#8221;- Den tjejen kommer det att g\u00e5 bra f\u00f6r!&#8221;<\/em><\/strong><\/p>\n<p>Det var den Emma som nu f\u00e5tt sina b\u00e5da barn m\u00f6rdade och sj\u00e4lv sv\u00e4vade mellan liv och d\u00f6d&#8230; Jag var f\u00f6rkrossad.<\/p>\n<p><em><strong>&#8221;-Kunde jag g\u00f6ra n\u00e5got? Vad?&#8221; <\/strong><\/em><br \/>\nJag ville hj\u00e4lpa till! Inte bara t\u00e4nda ljus och l\u00e4mna blommor! <a rel=\"attachment wp-att-14576\" href=\"http:\/\/www.filindeblogg.nu\/?attachment_id=14576\"><img loading=\"lazy\" class=\"alignnone size-full wp-image-14576\" title=\"tvahjartan-av-blommor-max-och-saga-150x150\" src=\"http:\/\/www.filindeblogg.nu\/wp-content\/uploads\/2010\/10\/tvahjartan-av-blommor-max-och-saga-150x150.jpg\" alt=\"\" width=\"150\" height=\"150\" \/><\/a><br \/>\nEn insamling! Pengar kan inte ers\u00e4tta tv\u00e5 \u00e4lskade barn &#8211; men pengar kan vara till hj\u00e4lp! S\u00e5 t\u00e4nkte jag och startade genom<strong> Sparbanken i Arboga<\/strong> <strong><em>&#8221;Insamlingen till Emma&#8221;<\/em><\/strong>.<\/p>\n<p>Det visade sig att v\u00e4ldigt m\u00e5nga t\u00e4nkte som jag och ville hj\u00e4lpa till. Det k\u00e4ndes underbart n\u00e4r Emma senare ber\u00e4ttade att en del av pengarna gick till en hotellvistelse ihop med sambon i b\u00f6rjan av r\u00e4tteg\u00e5ngen n\u00e4r livet k\u00e4ndes som allra sv\u00e5rast. Det var precis s\u00e5 jag hade t\u00e4nkt att pengar kunde lindra.<\/p>\n<p>Det fanns m\u00e5nga f\u00f6retag som ville hj\u00e4lpa till ocks\u00e5 &#8211; det m\u00e4rkte jag n\u00e4r jag ringde runt och fr\u00e5gade. Det k\u00e4ndes fantastiskt att de ville bidra med olika g\u00e5vor f\u00f6r att bygga upp ett nytt hem f\u00f6r Emma. Ett hem som inte var blodfl\u00e4ckat med hemska minnen.<\/p>\n<p>Livet g\u00e5r vidare. Det mest hemska bleknar en aning. <a rel=\"attachment wp-att-14577\" href=\"http:\/\/www.filindeblogg.nu\/?attachment_id=14577\"><img loading=\"lazy\" class=\"alignnone size-full wp-image-14577\" title=\"Saga-och-Max-nytt-foto-150x150\" src=\"http:\/\/www.filindeblogg.nu\/wp-content\/uploads\/2010\/10\/Saga-och-Max-nytt-foto-150x150.jpg\" alt=\"\" width=\"150\" height=\"150\" \/><\/a><br \/>\n<a rel=\"attachment wp-att-14578\" href=\"http:\/\/www.filindeblogg.nu\/?attachment_id=14578\"><img loading=\"lazy\" class=\"alignnone size-full wp-image-14578\" title=\"\u00e4nglar\" src=\"http:\/\/www.filindeblogg.nu\/wp-content\/uploads\/2010\/10\/\u00e4nglar.bmp\" alt=\"\" width=\"134\" height=\"166\" \/><\/a>Det fruktansv\u00e4rda f\u00e5r vika undan f\u00f6r ljusa, vackra minnen.<\/p>\n<p><strong>Idag signerar Emma sin bok p\u00e5 Konsum i Arboga fr\u00e5n klockan 14.00. <\/strong>Jag kommer sj\u00e4lvklart att vara en av dom som st\u00e5r i k\u00f6 f\u00f6r att k\u00f6pa en bok av och om v\u00e5r fantastiska, ljusa, starka och k\u00e4rleksfulla Emma!<\/p>\n<p style=\"text-align: center;\">Avslutar min blogg med en symbolisk ros till min v\u00e4n Emma!<br \/>\nFr\u00e5n en medsyster till en annan.<\/p>\n<p style=\"text-align: center;\"><a rel=\"attachment wp-att-14579\" href=\"http:\/\/www.filindeblogg.nu\/?attachment_id=14579\"><img loading=\"lazy\" class=\"aligncenter size-medium wp-image-14579\" title=\"IMG_8081\" src=\"http:\/\/www.filindeblogg.nu\/wp-content\/uploads\/2010\/10\/IMG_8081-300x225.jpg\" alt=\"\" width=\"300\" height=\"225\" srcset=\"http:\/\/www.filindeblogg.nu\/wp-content\/uploads\/2010\/10\/IMG_8081-300x225.jpg 300w, http:\/\/www.filindeblogg.nu\/wp-content\/uploads\/2010\/10\/IMG_8081-1024x768.jpg 1024w\" sizes=\"(max-width: 300px) 100vw, 300px\" \/><\/a><\/p>\n","protected":false},"excerpt":{"rendered":"<p>Idag skriver bl.a. lokala Arboga Tidning om att Emma Jangestigs bok kommer ut. &#8221;Varf\u00f6r gr\u00e5ter inte Emma?&#8221; \u00e4r titeln p\u00e5 boken. Som vid andra, stora dramatiska h\u00e4ndelser kommer s\u00e4kert m\u00e5nga i v\u00e5r trakt ih\u00e5g exakt vad vi gjorde precis d\u00e5 &#8211; den 17 mars 2008 &#8211; eller kanske mera dagen d\u00e4rp\u00e5. Det \u00f6gonblick d\u00e5 vi [&hellip;]<\/p>\n","protected":false},"author":1,"featured_media":0,"comment_status":"open","ping_status":"open","sticky":false,"template":"","format":"standard","meta":[],"categories":[102,100,101,105],"tags":[],"_links":{"self":[{"href":"http:\/\/www.filindeblogg.nu\/index.php?rest_route=\/wp\/v2\/posts\/14574"}],"collection":[{"href":"http:\/\/www.filindeblogg.nu\/index.php?rest_route=\/wp\/v2\/posts"}],"about":[{"href":"http:\/\/www.filindeblogg.nu\/index.php?rest_route=\/wp\/v2\/types\/post"}],"author":[{"embeddable":true,"href":"http:\/\/www.filindeblogg.nu\/index.php?rest_route=\/wp\/v2\/users\/1"}],"replies":[{"embeddable":true,"href":"http:\/\/www.filindeblogg.nu\/index.php?rest_route=%2Fwp%2Fv2%2Fcomments&post=14574"}],"version-history":[{"count":14,"href":"http:\/\/www.filindeblogg.nu\/index.php?rest_route=\/wp\/v2\/posts\/14574\/revisions"}],"predecessor-version":[{"id":14593,"href":"http:\/\/www.filindeblogg.nu\/index.php?rest_route=\/wp\/v2\/posts\/14574\/revisions\/14593"}],"wp:attachment":[{"href":"http:\/\/www.filindeblogg.nu\/index.php?rest_route=%2Fwp%2Fv2%2Fmedia&parent=14574"}],"wp:term":[{"taxonomy":"category","embeddable":true,"href":"http:\/\/www.filindeblogg.nu\/index.php?rest_route=%2Fwp%2Fv2%2Fcategories&post=14574"},{"taxonomy":"post_tag","embeddable":true,"href":"http:\/\/www.filindeblogg.nu\/index.php?rest_route=%2Fwp%2Fv2%2Ftags&post=14574"}],"curies":[{"name":"wp","href":"https:\/\/api.w.org\/{rel}","templated":true}]}}