{"id":13933,"date":"2010-09-30T07:11:37","date_gmt":"2010-09-30T06:11:37","guid":{"rendered":"http:\/\/www.filindeblogg.nu\/?p=13933"},"modified":"2010-09-30T07:11:37","modified_gmt":"2010-09-30T06:11:37","slug":"noterade-notiser","status":"publish","type":"post","link":"http:\/\/www.filindeblogg.nu\/?p=13933","title":{"rendered":"Noterade notiser"},"content":{"rendered":"<p>Jag reagerar ofta p\u00e5 olika saker &#8211; b\u00e5de positivt och negativt. Det syns p\u00e5 bloggen. Ibland hinner jag inte publicera alla reaktioner men h\u00e4r kommer ett par i alla fall:<\/p>\n<p><a rel=\"attachment wp-att-13934\" href=\"http:\/\/www.filindeblogg.nu\/?attachment_id=13934\"><img loading=\"lazy\" class=\"alignnone size-medium wp-image-13934\" title=\"Estetiska f\u00f6rsvinner\" src=\"http:\/\/www.filindeblogg.nu\/wp-content\/uploads\/2010\/09\/Estetiska-f\u00f6rsvinner-300x225.jpg\" alt=\"\" width=\"300\" height=\"225\" srcset=\"http:\/\/www.filindeblogg.nu\/wp-content\/uploads\/2010\/09\/Estetiska-f\u00f6rsvinner-300x225.jpg 300w, http:\/\/www.filindeblogg.nu\/wp-content\/uploads\/2010\/09\/Estetiska-f\u00f6rsvinner-1024x768.jpg 1024w\" sizes=\"(max-width: 300px) 100vw, 300px\" \/><\/a> Nu ska <strong>Estetiska programmet f<\/strong>\u00f6rsvinna fr\u00e5n gymnasieskolan.<\/p>\n<p>Det \u00e4r diskriminering av inte bara en utan flera yrkesgrupper! Dessutom inneb\u00e4r neddragning av estetisk verksamhet att en positiv och lugnande effekt f\u00f6rsvinner fr\u00e5n den hetsiga, stressiga skolan. ARG blir jag! <a rel=\"attachment wp-att-13935\" href=\"http:\/\/www.filindeblogg.nu\/?attachment_id=13935\"><img loading=\"lazy\" class=\"alignnone size-full wp-image-13935\" title=\"ARG\" src=\"http:\/\/www.filindeblogg.nu\/wp-content\/uploads\/2010\/09\/ARG1.jpg\" alt=\"\" width=\"118\" height=\"118\" \/><\/a><\/p>\n<p>\u00c4nnu argare, faktiskt vansinnigt f\u00f6rbannad blir jag p\u00e5 denna artikel i g\u00e5rdagens<br \/>\n<strong>Arboga Tidning<\/strong>: <a rel=\"attachment wp-att-13936\" href=\"http:\/\/www.filindeblogg.nu\/?attachment_id=13936\"><img loading=\"lazy\" class=\"alignnone size-medium wp-image-13936\" title=\"IMG_7418\" src=\"http:\/\/www.filindeblogg.nu\/wp-content\/uploads\/2010\/09\/IMG_7418-300x225.jpg\" alt=\"\" width=\"210\" height=\"158\" srcset=\"http:\/\/www.filindeblogg.nu\/wp-content\/uploads\/2010\/09\/IMG_7418-300x225.jpg 300w, http:\/\/www.filindeblogg.nu\/wp-content\/uploads\/2010\/09\/IMG_7418-1024x768.jpg 1024w\" sizes=\"(max-width: 210px) 100vw, 210px\" \/><\/a> Idioten till lantbrukare kastrerade sin tjurkalv med ett buntband! Han drog \u00e5t bandet h\u00e5rt ovanf\u00f6r pungen p\u00e5 tjurkalven i syfte att blodfl\u00f6det skulle t\u00e4ppas till och pungen ramla av. Kalven blev sjuk efter sv\u00e5rt lidande och veterin\u00e4ren som tillkallades anm\u00e4lde brottet!<\/p>\n<p>Straffet blev 80 dagsb\u00f6ter f\u00f6r djurpl\u00e5geri men r\u00e4tten missade ett straff! Gubben skulle sj\u00e4lv f\u00e5tt buntband \u00e5tdraget runt pungen s\u00e5 den ruttnade och ramlade av! ARG!! <a rel=\"attachment wp-att-13937\" href=\"http:\/\/www.filindeblogg.nu\/?attachment_id=13937\"><img loading=\"lazy\" class=\"alignnone size-full wp-image-13937\" title=\"ARG\" src=\"http:\/\/www.filindeblogg.nu\/wp-content\/uploads\/2010\/09\/ARG2.jpg\" alt=\"\" width=\"118\" height=\"118\" \/><\/a>L\u00e4s mer genom att klicka <a href=\"http:\/\/bblat.se\/nyheter\/koping\/1.965655-lantbrukare-falld-for-djuplageri\"><strong>H\u00c4R<\/strong><\/a> och kom till <strong>B\u00e4rgslagsbladet\/Arboga Tidning.<\/strong><\/p>\n<p><a rel=\"attachment wp-att-13938\" href=\"http:\/\/www.filindeblogg.nu\/?attachment_id=13938\"><img loading=\"lazy\" class=\"alignnone size-full wp-image-13938\" title=\"Fundersam\" src=\"http:\/\/www.filindeblogg.nu\/wp-content\/uploads\/2010\/09\/Fundersam.jpg\" alt=\"\" width=\"96\" height=\"96\" \/><\/a> Konfunderad blir jag \u00f6ver &#8221;senaste nytt&#8221;:<strong><em> &#8221;ADHD har genetiska orsaker&#8221;<\/em><\/strong>. Och?? Redan??<\/p>\n<p>Det har folk vetat l\u00e4nge &#8211; men, det ska v\u00e4l till ett antal olika forskare som i tid och otid ska forska och forska och forska om samma sak innan det blir en sanning. Under tiden g\u00e5r ett antal barn och ungdomar under ihop med sina f\u00f6rtvivlade f\u00f6r\u00e4ldrar och farf\u00f6r\u00e4ldrar som f\u00e5r h\u00f6ra att det 1) beror p\u00e5 d\u00e5lig uppfostran 2) beror p\u00e5 f\u00f6r mycket TV-tittande och dataspelande 3) beror p\u00e5 f\u00f6r mycket s\u00f6tsaker 4) beror p\u00e5 d\u00e5lig kosth\u00e5llning 5) beror p\u00e5 att ungen helt enkelt \u00e4r elak, of\u00f6rsk\u00e4md och ovanligt korkad.<\/p>\n<p>Jo, jag blir nog lite ARG p\u00e5 detta ocks\u00e5! <a rel=\"attachment wp-att-13939\" href=\"http:\/\/www.filindeblogg.nu\/?attachment_id=13939\"><img loading=\"lazy\" class=\"alignnone size-full wp-image-13939\" title=\"ARG\" src=\"http:\/\/www.filindeblogg.nu\/wp-content\/uploads\/2010\/09\/ARG3.jpg\" alt=\"\" width=\"66\" height=\"66\" \/><\/a>men ocks\u00e5 lite glad. <a rel=\"attachment wp-att-13940\" href=\"http:\/\/www.filindeblogg.nu\/?attachment_id=13940\"><img loading=\"lazy\" class=\"alignnone size-full wp-image-13940\" title=\"GLAD\" src=\"http:\/\/www.filindeblogg.nu\/wp-content\/uploads\/2010\/09\/GLAD.jpg\" alt=\"\" width=\"73\" height=\"71\" \/><\/a> Uppr\u00e4ttelse f\u00f6r barn, ungdomar och vuxna med ADHD och Aspergers syndrom! F\u00f6rhoppningsvis ocks\u00e5 f\u00f6rst\u00e5else och st\u00f6d.<\/p>\n<p>L\u00e4s mer om r\u00f6nen via<a href=\"http:\/\/www.svd.se\/nyheter\/inrikes\/adhd-orsakas-av-trasiga-gener_5425789.svd\"><strong> SvD<\/strong><\/a>, <a href=\"http:\/\/www.dn.se\/nyheter\/vetenskap\/forskare-adhd-har-genetiska-orsaker-1.1179811\"><strong>DN <\/strong><\/a>och <a href=\"http:\/\/www.aftonbladet.se\/kropphalsa\/article7872114.ab\"><strong>Aftonbladet <\/strong><\/a>genom att klicka p\u00e5 namnen.<\/p>\n<p><a rel=\"attachment wp-att-13941\" href=\"http:\/\/www.filindeblogg.nu\/?attachment_id=13941\"><img loading=\"lazy\" class=\"alignnone size-full wp-image-13941\" title=\"GLAD\" src=\"http:\/\/www.filindeblogg.nu\/wp-content\/uploads\/2010\/09\/GLAD1.jpg\" alt=\"\" width=\"104\" height=\"102\" \/><\/a>Glad blir jag ocks\u00e5 \u00f6ver att jag plockade in utev\u00e4xterna f\u00f6rra veckan<br \/>\nn\u00e4r nu temperaturen pendlar runt nollan p\u00e5 morgnarna. <a rel=\"attachment wp-att-13942\" href=\"http:\/\/www.filindeblogg.nu\/?attachment_id=13942\"><img loading=\"lazy\" class=\"alignnone size-medium wp-image-13942\" title=\"IMG_7368\" src=\"http:\/\/www.filindeblogg.nu\/wp-content\/uploads\/2010\/09\/IMG_7368-225x300.jpg\" alt=\"\" width=\"158\" height=\"210\" srcset=\"http:\/\/www.filindeblogg.nu\/wp-content\/uploads\/2010\/09\/IMG_7368-225x300.jpg 225w, http:\/\/www.filindeblogg.nu\/wp-content\/uploads\/2010\/09\/IMG_7368-768x1024.jpg 768w\" sizes=\"(max-width: 158px) 100vw, 158px\" \/><\/a> Lite ljung ute p\u00e5 trappan fick det bli ist\u00e4llet.<\/p>\n<p>\u00c4pplen finns som hopplockade som fallfrukt om n\u00e5gon vill g\u00f6ra paj. <a rel=\"attachment wp-att-13943\" href=\"http:\/\/www.filindeblogg.nu\/?attachment_id=13943\"><img loading=\"lazy\" class=\"alignnone size-medium wp-image-13943\" title=\"IMG_7365\" src=\"http:\/\/www.filindeblogg.nu\/wp-content\/uploads\/2010\/09\/IMG_7365-225x300.jpg\" alt=\"\" width=\"158\" height=\"210\" srcset=\"http:\/\/www.filindeblogg.nu\/wp-content\/uploads\/2010\/09\/IMG_7365-225x300.jpg 225w, http:\/\/www.filindeblogg.nu\/wp-content\/uploads\/2010\/09\/IMG_7365-768x1024.jpg 768w\" sizes=\"(max-width: 158px) 100vw, 158px\" \/><\/a><\/p>\n<p><a rel=\"attachment wp-att-13944\" href=\"http:\/\/www.filindeblogg.nu\/?attachment_id=13944\"><img loading=\"lazy\" class=\"alignnone size-full wp-image-13944\" title=\"ExtraGLAD\" src=\"http:\/\/www.filindeblogg.nu\/wp-content\/uploads\/2010\/09\/ExtraGLAD.jpg\" alt=\"\" width=\"104\" height=\"101\" \/><\/a> Definitivt glad blir jag \u00f6ver solrosorna jag k\u00f6pte fr\u00e5n <strong>Munktorp<\/strong> i fredags! Ha en h\u00e4rlig torsdag!<\/p>\n<p><a rel=\"attachment wp-att-13945\" href=\"http:\/\/www.filindeblogg.nu\/?attachment_id=13945\"><img loading=\"lazy\" class=\"aligncenter size-medium wp-image-13945\" title=\"IMG_7416\" src=\"http:\/\/www.filindeblogg.nu\/wp-content\/uploads\/2010\/09\/IMG_7416-300x225.jpg\" alt=\"\" width=\"300\" height=\"225\" srcset=\"http:\/\/www.filindeblogg.nu\/wp-content\/uploads\/2010\/09\/IMG_7416-300x225.jpg 300w, http:\/\/www.filindeblogg.nu\/wp-content\/uploads\/2010\/09\/IMG_7416-1024x768.jpg 1024w\" sizes=\"(max-width: 300px) 100vw, 300px\" \/><\/a><\/p>\n","protected":false},"excerpt":{"rendered":"<p>Jag reagerar ofta p\u00e5 olika saker &#8211; b\u00e5de positivt och negativt. Det syns p\u00e5 bloggen. Ibland hinner jag inte publicera alla reaktioner men h\u00e4r kommer ett par i alla fall: Nu ska Estetiska programmet f\u00f6rsvinna fr\u00e5n gymnasieskolan. Det \u00e4r diskriminering av inte bara en utan flera yrkesgrupper! Dessutom inneb\u00e4r neddragning av estetisk verksamhet att en [&hellip;]<\/p>\n","protected":false},"author":1,"featured_media":0,"comment_status":"open","ping_status":"open","sticky":false,"template":"","format":"standard","meta":[],"categories":[107,100,101],"tags":[],"_links":{"self":[{"href":"http:\/\/www.filindeblogg.nu\/index.php?rest_route=\/wp\/v2\/posts\/13933"}],"collection":[{"href":"http:\/\/www.filindeblogg.nu\/index.php?rest_route=\/wp\/v2\/posts"}],"about":[{"href":"http:\/\/www.filindeblogg.nu\/index.php?rest_route=\/wp\/v2\/types\/post"}],"author":[{"embeddable":true,"href":"http:\/\/www.filindeblogg.nu\/index.php?rest_route=\/wp\/v2\/users\/1"}],"replies":[{"embeddable":true,"href":"http:\/\/www.filindeblogg.nu\/index.php?rest_route=%2Fwp%2Fv2%2Fcomments&post=13933"}],"version-history":[{"count":14,"href":"http:\/\/www.filindeblogg.nu\/index.php?rest_route=\/wp\/v2\/posts\/13933\/revisions"}],"predecessor-version":[{"id":13959,"href":"http:\/\/www.filindeblogg.nu\/index.php?rest_route=\/wp\/v2\/posts\/13933\/revisions\/13959"}],"wp:attachment":[{"href":"http:\/\/www.filindeblogg.nu\/index.php?rest_route=%2Fwp%2Fv2%2Fmedia&parent=13933"}],"wp:term":[{"taxonomy":"category","embeddable":true,"href":"http:\/\/www.filindeblogg.nu\/index.php?rest_route=%2Fwp%2Fv2%2Fcategories&post=13933"},{"taxonomy":"post_tag","embeddable":true,"href":"http:\/\/www.filindeblogg.nu\/index.php?rest_route=%2Fwp%2Fv2%2Ftags&post=13933"}],"curies":[{"name":"wp","href":"https:\/\/api.w.org\/{rel}","templated":true}]}}