{"id":1309,"date":"2008-05-04T13:04:54","date_gmt":"2008-05-04T12:04:54","guid":{"rendered":"http:\/\/www.filindeblogg.nu\/?p=1309"},"modified":"2009-06-05T04:35:49","modified_gmt":"2009-06-05T03:35:49","slug":"kriget-mot-gillberg-drabbar-adhd-barn","status":"publish","type":"post","link":"http:\/\/www.filindeblogg.nu\/?p=1309","title":{"rendered":"Kriget mot Gillberg drabbar ADHD-barn!"},"content":{"rendered":"<p><a href=\"http:\/\/sydsvenskan.se\/lund\/article320043.ece\">Tack<\/a> <a href=\"http:\/\/www.dn.se\/DNet\/jsp\/polopoly.jsp?d=147&amp;a=766517\">P C Jersild<\/a> <a href=\"http:\/\/hd.se\/helsingborg\/2008\/05\/04\/maanga-gaar-miste-om-bidrag-de-har\/\">f\u00f6r<\/a> <a href=\"http:\/\/www.svd.se\/nyheter\/vetenskap\/artikel_1208043.svd\">din<\/a> <a href=\"http:\/\/www.svd.se\/nyheter\/inrikes\/artikel_1115913.svd\">artikel<\/a> i g\u00e5rdagens DN. Klicka <a href=\"http:\/\/www.dn.se\/DNet\/jsp\/polopoly.jsp?d=578&amp;a=766265\">H\u00c4R <\/a>f\u00f6r att l\u00e4sa den!<\/p>\n<p>H\u00e4r ett citat ur artikeln:<\/p>\n<p><em><span class=\"text\">&#8221;Det som g\u00f6r &#8221;F\u00f6rd\u00e4rvet&#8221; till ett insinuant och partiskt program \u00e4r emellertid n\u00e5got vida allvarligare, n\u00e4mligen vad diagnosen adhd\/damp kan betyda och vilka behandlingsm\u00f6jligheter som finns. Diagnosen p\u00e5stods i teve uteslutande vara en &#8221;st\u00e4mpling&#8221;, medan m\u00e5nga f\u00f6r\u00e4ldrar tv\u00e4rtom kan vittna om den l\u00e4ttnad som en diagnos kan ge. Ett enda barn f\u00f6ljdes ing\u00e5ende, en pojke vars mamma ans\u00e5g piller vara ett otill\u00e5tet ingrepp i sonens personlighet.<br \/>\nD\u00e4remot intervjuades inga f\u00f6r\u00e4ldrar som fick ber\u00e4tta om sina barns remarkabla f\u00f6rb\u00e4ttring efter tablettbehandling.&#8221;<\/span><\/em><\/p>\n<p>P C Jersild har fullkomligt r\u00e4tt. Jag k\u00e4nner personligen en m\u00e4ngd barn, ungdomar och vuxna som f\u00e5tt ett helt nytt liv genom medicinering. Det har faktiskt i vissa fall varit som att v\u00e4nda p\u00e5 en hand. Fr\u00e5n st\u00f6kighet med enorma koncentrationssv\u00e5righeter till ett &#8221;normalt liv&#8221; d\u00e4r det g\u00e5r att fokusera p\u00e5 t ex skolarbete och d\u00e4r vardagen numera inneb\u00e4r en lugn och trygg tillvaro.<\/p>\n<p>Vem skulle neka en diabetespatient insulin? Varf\u00f6r f\u00f6rneka m\u00e4nniskor med ADHD och Aspergers syndrom m\u00f6jlighet till medicinsk behandling?<\/p>\n<p>I TV-programmet fick vi f\u00f6lja en enda mamma med ett barn i 8-9-\u00e5rs\u00e5ldern och mamman var mycket skeptisk till diagnostisering. Jag kan bara hoppas att allt hon sa verkligen tyder p\u00e5 att diagnosen var ett misstag.<br \/>\nAllt hon ber\u00e4ttade st\u00e4mde n\u00e4mligen v\u00e4l in p\u00e5 de m\u00e5nga barn jag tr\u00e4ffat med diagnosen ADHD. Jag hoppas f\u00f6r barnets skull att mamman valt r\u00e4tt.<\/p>\n<p>Det \u00e4r n\u00e4mligen s\u00e5 att TV-program som &#8221;F\u00f6rd\u00e4rvet&#8221; &#8211; en av m\u00e5nga personliga krigsf\u00f6rklaringar fr\u00e5n K\u00e4rfves och Elinders sida gentemot Christoper Gillberg &#8211; g\u00f6r synen p\u00e5 diagnoserna inom Autismspektrat \u00e4n mer &#8221;suspekt&#8221;.<br \/>\n&#8221;ADHD \u00e4r p\u00e5hitt, diagnosen Aspergers syndrom st\u00e4mplar folk&#8221; &#8211; \u00e4r s\u00e5nt vi genom program som &#8221;F\u00f6rd\u00e4rvet&#8221; f\u00e5r l\u00e4ra oss.<\/p>\n<p>Detta inneb\u00e4r i sin tur att f\u00f6r\u00e4ldrar skuldbel\u00e4ggs och att barn inte f\u00e5r hj\u00e4lp.<\/p>\n<p>Jag har anm\u00e4lt TV-programet &#8221;F\u00f6rd\u00e4rvet&#8221; till Granskningsn\u00e4mden. Det kan g\u00f6ras p\u00e5 f\u00f6ljande hemsida:<\/p>\n<p><a href=\"http:\/\/www.grn.se\/grn\/pages\/Page____602.aspx\">Granskningsn\u00e4mnden f\u00f6r Radio och TV <\/a>(klicka p\u00e5 namnet)<\/p>\n<p><strong>Skandal att SVT l\u00e5ter sig duperas av K\u00e4rfve och Elinder och framf\u00f6r osaklig information p\u00e5 b\u00e4sta s\u00e4ndningstid!<\/strong><\/p>\n","protected":false},"excerpt":{"rendered":"<p>Tack P C Jersild f\u00f6r din artikel i g\u00e5rdagens DN. Klicka H\u00c4R f\u00f6r att l\u00e4sa den! H\u00e4r ett citat ur artikeln: &#8221;Det som g\u00f6r &#8221;F\u00f6rd\u00e4rvet&#8221; till ett insinuant och partiskt program \u00e4r emellertid n\u00e5got vida allvarligare, n\u00e4mligen vad diagnosen adhd\/damp kan betyda och vilka behandlingsm\u00f6jligheter som finns. Diagnosen p\u00e5stods i teve uteslutande vara en &#8221;st\u00e4mpling&#8221;, [&hellip;]<\/p>\n","protected":false},"author":1,"featured_media":0,"comment_status":"open","ping_status":"open","sticky":false,"template":"","format":"standard","meta":[],"categories":[107,101],"tags":[],"_links":{"self":[{"href":"http:\/\/www.filindeblogg.nu\/index.php?rest_route=\/wp\/v2\/posts\/1309"}],"collection":[{"href":"http:\/\/www.filindeblogg.nu\/index.php?rest_route=\/wp\/v2\/posts"}],"about":[{"href":"http:\/\/www.filindeblogg.nu\/index.php?rest_route=\/wp\/v2\/types\/post"}],"author":[{"embeddable":true,"href":"http:\/\/www.filindeblogg.nu\/index.php?rest_route=\/wp\/v2\/users\/1"}],"replies":[{"embeddable":true,"href":"http:\/\/www.filindeblogg.nu\/index.php?rest_route=%2Fwp%2Fv2%2Fcomments&post=1309"}],"version-history":[{"count":1,"href":"http:\/\/www.filindeblogg.nu\/index.php?rest_route=\/wp\/v2\/posts\/1309\/revisions"}],"predecessor-version":[{"id":6081,"href":"http:\/\/www.filindeblogg.nu\/index.php?rest_route=\/wp\/v2\/posts\/1309\/revisions\/6081"}],"wp:attachment":[{"href":"http:\/\/www.filindeblogg.nu\/index.php?rest_route=%2Fwp%2Fv2%2Fmedia&parent=1309"}],"wp:term":[{"taxonomy":"category","embeddable":true,"href":"http:\/\/www.filindeblogg.nu\/index.php?rest_route=%2Fwp%2Fv2%2Fcategories&post=1309"},{"taxonomy":"post_tag","embeddable":true,"href":"http:\/\/www.filindeblogg.nu\/index.php?rest_route=%2Fwp%2Fv2%2Ftags&post=1309"}],"curies":[{"name":"wp","href":"https:\/\/api.w.org\/{rel}","templated":true}]}}