{"id":12903,"date":"2010-08-19T13:37:46","date_gmt":"2010-08-19T12:37:46","guid":{"rendered":"http:\/\/www.filindeblogg.nu\/?p=12903"},"modified":"2010-08-19T13:43:31","modified_gmt":"2010-08-19T12:43:31","slug":"vem-vet-vilka-kanslor-rymden-innehaller","status":"publish","type":"post","link":"http:\/\/www.filindeblogg.nu\/?p=12903","title":{"rendered":"Vem vet vilka k\u00e4nslor rymden inneh\u00e5ller?"},"content":{"rendered":"<p>Ig\u00e5r for dottern och jag till<strong> Stockholm! <\/strong>Med t\u00e5g och vidare med T-banans bl\u00e5 linje mot <strong>Solna<\/strong>. <a rel=\"attachment wp-att-12904\" href=\"http:\/\/www.filindeblogg.nu\/?attachment_id=12904\"><img loading=\"lazy\" class=\"alignnone size-medium wp-image-12904\" title=\"IMG_5950\" src=\"http:\/\/www.filindeblogg.nu\/wp-content\/uploads\/2010\/08\/IMG_5950-300x225.jpg\" alt=\"\" width=\"180\" height=\"135\" srcset=\"http:\/\/www.filindeblogg.nu\/wp-content\/uploads\/2010\/08\/IMG_5950-300x225.jpg 300w, http:\/\/www.filindeblogg.nu\/wp-content\/uploads\/2010\/08\/IMG_5950-1024x768.jpg 1024w\" sizes=\"(max-width: 180px) 100vw, 180px\" \/><\/a> <strong>N\u00e4ckrosens<\/strong> tunnelbanestation l\u00e5ngt nere i underjorden. Det var svalt och fuktigt d\u00e4r<a href=\"http:\/\/www.e24.se\/lifestyle\/kultur\/david-ellison-satsar-350-miljoner-dollar-pa-film_2243345.e24\">.<\/a><\/p>\n<p>Lika svalt och fuktigt \u00e4r det kanske inte i rymden &#8211; vad vet jag? Det var lite av det vi t\u00e4nkte ta reda p\u00e5<a href=\"http:\/\/www.expressen.se\/noje\/extra\/1.2102771\/alexander-skarsgard-tycker-det-ar-lojligt-med-snoppstrumpa\">.<\/a><\/p>\n<p>Dottern och jag var inbjudna att n\u00e4rvara vid en f\u00f6rhandsvisning av l\u00e5ngfilmen<strong><em> &#8221;I rymden finns inga k\u00e4nslor&#8221;<\/em><\/strong> regisserad av <strong>Andreas \u00d6hman <\/strong>med bl.a. <strong>Cecilia Forss, Martin Wallstr\u00f6m och Bill Skarsg\u00e5rd <\/strong>i huvudrollerna<a href=\"http:\/\/www.aftonbladet.se\/nojesbladet\/scen\/article7639174.ab\">.<\/a><br \/>\nEfter att ha sett kortfilmen i SVT den 13 juli och blivit uppr\u00f6rda tog vi kontakt med s\u00e5v\u00e4l <strong>SF (Svensk Filmindustri)<\/strong> som <a href=\"http:\/\/www.attention-riks.se\/\"><strong>Riksf\u00f6rbundet Attention <\/strong><\/a>och <a href=\"http:\/\/www.autism.se\/\"><strong>Autism- och Aspergerf\u00f6rbundet<\/strong>.<\/a> Nu var vi allts\u00e5 ett litet g\u00e4ng som skulle se ocks\u00e5 l\u00e5ngfilmen &#8211; lite f\u00f6re alla andra.<\/p>\n<p><a rel=\"attachment wp-att-12905\" href=\"http:\/\/www.filindeblogg.nu\/?attachment_id=12905\"><img loading=\"lazy\" class=\"alignnone size-medium wp-image-12905\" title=\"IMG_5952\" src=\"http:\/\/www.filindeblogg.nu\/wp-content\/uploads\/2010\/08\/IMG_5952-300x225.jpg\" alt=\"\" width=\"180\" height=\"135\" srcset=\"http:\/\/www.filindeblogg.nu\/wp-content\/uploads\/2010\/08\/IMG_5952-300x225.jpg 300w, http:\/\/www.filindeblogg.nu\/wp-content\/uploads\/2010\/08\/IMG_5952-1024x768.jpg 1024w\" sizes=\"(max-width: 180px) 100vw, 180px\" \/><\/a> ******* <a rel=\"attachment wp-att-12906\" href=\"http:\/\/www.filindeblogg.nu\/?attachment_id=12906\"><img loading=\"lazy\" class=\"alignnone size-medium wp-image-12906\" title=\"IMG_5953\" src=\"http:\/\/www.filindeblogg.nu\/wp-content\/uploads\/2010\/08\/IMG_5953-300x225.jpg\" alt=\"\" width=\"180\" height=\"135\" srcset=\"http:\/\/www.filindeblogg.nu\/wp-content\/uploads\/2010\/08\/IMG_5953-300x225.jpg 300w, http:\/\/www.filindeblogg.nu\/wp-content\/uploads\/2010\/08\/IMG_5953-1024x768.jpg 1024w\" sizes=\"(max-width: 180px) 100vw, 180px\" \/><\/a><\/p>\n<p>Reaktionerna p\u00e5 filmen var m\u00e5nga. Dotterns spontana \u00e5sikt efter\u00e5t:<em> &#8221;-Den var v\u00e4rre \u00e4n kortfilmen!&#8221;<\/em><\/p>\n<p><a rel=\"attachment wp-att-12907\" href=\"http:\/\/www.filindeblogg.nu\/?attachment_id=12907\"><img loading=\"lazy\" class=\"alignnone size-medium wp-image-12907\" title=\"IMG_5954\" src=\"http:\/\/www.filindeblogg.nu\/wp-content\/uploads\/2010\/08\/IMG_5954-300x225.jpg\" alt=\"\" width=\"180\" height=\"135\" srcset=\"http:\/\/www.filindeblogg.nu\/wp-content\/uploads\/2010\/08\/IMG_5954-300x225.jpg 300w, http:\/\/www.filindeblogg.nu\/wp-content\/uploads\/2010\/08\/IMG_5954-1024x768.jpg 1024w\" sizes=\"(max-width: 180px) 100vw, 180px\" \/><\/a> Filmen lanseras av SF som en svensk komedi och <strong>Eva Svendenius,<\/strong> chef f\u00f6r biografdistributionen,\u00a0 p\u00e5pekade g\u00e5ng efter annan att det \u00e4r en humoristisk film. Att vi skulle bortse fr\u00e5n begreppet Aspergers syndrom och mer se det som en film om brodersk\u00e4rlek. <a rel=\"attachment wp-att-12908\" href=\"http:\/\/www.filindeblogg.nu\/?attachment_id=12908\"><img loading=\"lazy\" class=\"alignnone size-full wp-image-12908\" title=\"Filmaffisch I rymden finns inga k\u00e4nslor\" src=\"http:\/\/www.filindeblogg.nu\/wp-content\/uploads\/2010\/08\/Filmaffisch-I-rymden-finns-inga-k\u00e4nslor.jpg\" alt=\"\" width=\"105\" height=\"150\" \/><\/a> Men det \u00e4r v\u00e4ldigt sv\u00e5rt att fr\u00e5nse begreppet Aspergers n\u00e4r detta upprepas om och om igen i filmen. Dessutom presenteras filmen s\u00e5 h\u00e4r av SF, citat: <em>&#8221;18-\u00e5rige Simon delar l\u00e4genhet med sin bror Sam. Simon som har  Aspergers syndrom kr\u00e4ver ett fast schema d\u00e4r allt m\u00e5ste vara sig likt  vecka efter vecka. F\u00f6r\u00e4ndringar \u00e4r n\u00e5got han bara kan hantera i sm\u00e5  doser och n\u00e4r allt blir f\u00f6r jobbigt g\u00f6mmer han sig i sin tv\u00e4ttunna,  fylld med sj\u00e4lvlysande stj\u00e4rnor \u2013 han g\u00f6mmer sig i rymden f\u00f6r d\u00e4r finns  inga k\u00e4nslor.<br \/>\nN\u00e4r Sam blir dumpad av sin flickv\u00e4n och g\u00e5r in i en  mindre depression spricker hela tillvaron f\u00f6r Simon. Han ger sig sj\u00e4lv i  uppdrag att hitta en ny flickv\u00e4n till Sam, men med sin sociala  inkompetens blir det inte enkelt, Simon vet ingenting om tjejer och  k\u00e4rlek \u2026&#8221;<\/em><\/p>\n<p>Man ska kanske kunna skoja om det mesta. Lite humor kan l\u00e4tta upp en h\u00e5rd v\u00e4rld &#8211; men det beror ocks\u00e5 p\u00e5 hur pass accepterat begreppet man raljerar om \u00e4r. Med erfarenhet av <strong>Lars Vilks <\/strong>rondellhundar vet vi att alla inte har samma \u00e5sikt om vad som \u00e4r till\u00e5tet eller inte. F\u00f6r n\u00e5gra \u00e5r sedan var det mer eller mindre tabu att skoja om homosexuella och huruvida det \u00e4r kul att sk\u00e4mta om pedofiler l\u00e5ter jag vara osagt.<\/p>\n<p>Det ska nu allts\u00e5 vara OK att sk\u00e4mta om Aspergers syndrom. Min fr\u00e5ga \u00e4r: Har vi kommit s\u00e5 l\u00e5ngt?<br \/>\nVet alla vad Aspergers syndrom \u00e4r? Om inte &#8211; hur uppfattar man d\u00e5 &#8221;<em><strong>Simon&#8221;<\/strong><\/em> i filmen? Vad \u00e4r det med <em>&#8221;Simon&#8221;<\/em> som man d\u00e5 tycker \u00e4r skojigt? Och varf\u00f6r?<\/p>\n<p>\u00c4r det inte s\u00e5 att Aspergerspersoner ing\u00e5r i ett stort m\u00f6rkertal? Att m\u00e5nga av de h\u00e4r m\u00e4nniskorna varje dag f\u00e5r utst\u00e5 stor pina f\u00f6r att de har egenskapen Aspergers syndrom. Att en ung kille eller tjej som s\u00f6ker jobb eller skola inte v\u00e5gar tala om att de har f\u00e5tt diagnosen just med tanke p\u00e5 alla f\u00f6rdomar. \u00c4r det d\u00e5 OK att sk\u00e4mta om problemen?<\/p>\n<p>Om svaret p\u00e5 den fr\u00e5gan \u00e4r ja, borde det inte d\u00e5 ocks\u00e5 vara i sin ordning att sk\u00e4mta om t ex schizofreni? Eller g\u00f6ra komedier med slapsticks om l\u00e5ngtidssjukskrivna utbr\u00e4nda och deras panik\u00e5ngestnoja?<\/p>\n<p>Hur l\u00e5ngt har vi kommit? Och vem best\u00e4mmer det? <strong>\u00c4r det OK att ha kul p\u00e5 Aspergerspersoners bekostnad? <\/strong><\/p>\n<p>Nu finns ju filmen redan och den har premi\u00e4r om 2 veckor &#8211; fredagen den 3 september. S\u00e5 vad g\u00f6ra? Jag och dottern hoppas p\u00e5 en debatt kring filmen med saklig information om Aspergers syndrom efter\u00e5t. D\u00e5 kanske vi kan se filmen med ett litet leende p\u00e5 l\u00e4pparna.<\/p>\n<p style=\"text-align: center;\">Finns det k\u00e4nslor i rymden? Ingen aning! Det jag vet att fr\u00e5nvaro av k\u00e4nslor inte har ett dugg med Aspergers syndrom att g\u00f6ra! Jag \u00e4lskas n\u00e4mligen av ett antal n\u00e4rst\u00e5ende med just den egenskapen!<br \/>\n<a rel=\"attachment wp-att-12909\" href=\"http:\/\/www.filindeblogg.nu\/?attachment_id=12909\"><img loading=\"lazy\" class=\"size-medium wp-image-12909 aligncenter\" title=\"K\u00e4nslobild\" src=\"http:\/\/www.filindeblogg.nu\/wp-content\/uploads\/2010\/08\/K\u00e4nslobild-300x300.jpg\" alt=\"\" width=\"210\" height=\"210\" srcset=\"http:\/\/www.filindeblogg.nu\/wp-content\/uploads\/2010\/08\/K\u00e4nslobild-300x300.jpg 300w, http:\/\/www.filindeblogg.nu\/wp-content\/uploads\/2010\/08\/K\u00e4nslobild-150x150.jpg 150w, http:\/\/www.filindeblogg.nu\/wp-content\/uploads\/2010\/08\/K\u00e4nslobild.jpg 350w\" sizes=\"(max-width: 210px) 100vw, 210px\" \/><\/a><\/p>\n<p style=\"text-align: center;\">Dottern och jag tar rulltrappan upp\u00e5t! <a rel=\"attachment wp-att-12910\" href=\"http:\/\/www.filindeblogg.nu\/?attachment_id=12910\"><img loading=\"lazy\" class=\"alignnone size-medium wp-image-12910\" title=\"IMG_5951\" src=\"http:\/\/www.filindeblogg.nu\/wp-content\/uploads\/2010\/08\/IMG_5951-300x225.jpg\" alt=\"\" width=\"180\" height=\"135\" srcset=\"http:\/\/www.filindeblogg.nu\/wp-content\/uploads\/2010\/08\/IMG_5951-300x225.jpg 300w, http:\/\/www.filindeblogg.nu\/wp-content\/uploads\/2010\/08\/IMG_5951-1024x768.jpg 1024w\" sizes=\"(max-width: 180px) 100vw, 180px\" \/><\/a><\/p>\n<p style=\"text-align: center;\">Upp ur underjorden. Tillbaka till verkligheten.<\/p>\n<p style=\"text-align: center;\">Med varma, starka k\u00e4nslor inombords.<\/p>\n","protected":false},"excerpt":{"rendered":"<p>Ig\u00e5r for dottern och jag till Stockholm! Med t\u00e5g och vidare med T-banans bl\u00e5 linje mot Solna. N\u00e4ckrosens tunnelbanestation l\u00e5ngt nere i underjorden. Det var svalt och fuktigt d\u00e4r. Lika svalt och fuktigt \u00e4r det kanske inte i rymden &#8211; vad vet jag? Det var lite av det vi t\u00e4nkte ta reda p\u00e5. Dottern och [&hellip;]<\/p>\n","protected":false},"author":1,"featured_media":0,"comment_status":"open","ping_status":"open","sticky":false,"template":"","format":"standard","meta":[],"categories":[107,100,101],"tags":[],"_links":{"self":[{"href":"http:\/\/www.filindeblogg.nu\/index.php?rest_route=\/wp\/v2\/posts\/12903"}],"collection":[{"href":"http:\/\/www.filindeblogg.nu\/index.php?rest_route=\/wp\/v2\/posts"}],"about":[{"href":"http:\/\/www.filindeblogg.nu\/index.php?rest_route=\/wp\/v2\/types\/post"}],"author":[{"embeddable":true,"href":"http:\/\/www.filindeblogg.nu\/index.php?rest_route=\/wp\/v2\/users\/1"}],"replies":[{"embeddable":true,"href":"http:\/\/www.filindeblogg.nu\/index.php?rest_route=%2Fwp%2Fv2%2Fcomments&post=12903"}],"version-history":[{"count":25,"href":"http:\/\/www.filindeblogg.nu\/index.php?rest_route=\/wp\/v2\/posts\/12903\/revisions"}],"predecessor-version":[{"id":12935,"href":"http:\/\/www.filindeblogg.nu\/index.php?rest_route=\/wp\/v2\/posts\/12903\/revisions\/12935"}],"wp:attachment":[{"href":"http:\/\/www.filindeblogg.nu\/index.php?rest_route=%2Fwp%2Fv2%2Fmedia&parent=12903"}],"wp:term":[{"taxonomy":"category","embeddable":true,"href":"http:\/\/www.filindeblogg.nu\/index.php?rest_route=%2Fwp%2Fv2%2Fcategories&post=12903"},{"taxonomy":"post_tag","embeddable":true,"href":"http:\/\/www.filindeblogg.nu\/index.php?rest_route=%2Fwp%2Fv2%2Ftags&post=12903"}],"curies":[{"name":"wp","href":"https:\/\/api.w.org\/{rel}","templated":true}]}}