{"id":12894,"date":"2010-08-19T09:00:42","date_gmt":"2010-08-19T08:00:42","guid":{"rendered":"http:\/\/www.filindeblogg.nu\/?p=12894"},"modified":"2010-08-19T09:02:14","modified_gmt":"2010-08-19T08:02:14","slug":"alla-elevers-ratt-till-undervisning","status":"publish","type":"post","link":"http:\/\/www.filindeblogg.nu\/?p=12894","title":{"rendered":"Alla elevers r\u00e4tt till undervisning"},"content":{"rendered":"<p>Idag hade jag f\u00f6rm\u00e5nen att prata i radion med <strong>utbildningsminister Jan Bj\u00f6rklund<\/strong><a href=\"http:\/\/www.svd.se\/nyheter\/inrikes\/fp-vill-skarpa-regler-for-friskolor_5157281.svd\">.<\/a> Det var hans tur att utfr\u00e5gas i<strong> Sveriges Radios <\/strong>program <strong>Ring\u00a0 P1<\/strong>. Naturligtvis handlade mina fr\u00e5gor om alla elevers r\u00e4tt till undervisning i den svenska grundskolan. En r\u00e4ttighet som inte finns idag<a href=\"http:\/\/www.dn.se\/nyheter\/valet2010\/bjorklund-beredd-infora-sanktioner-mot-friskolor-1.1155983\">.<\/a><\/p>\n<p>Jag tog upp Jan Bj\u00f6rklunds f\u00f6rslag om elitsatsning bland grundskolans 13-\u00e5ringar kontra det faktum att ett stort antal elever idag inte f\u00e5r den grundskola de har r\u00e4tt till enligt lag<a href=\"http:\/\/www.expressen.se\/Nyheter\/1.2102244\/ministerns-attack-mot-fp\">. <\/a>Att s k st\u00f6kiga elever kan f\u00f6rv\u00e4ntas sig skolk inskrivet i betyget och att f\u00e5 mamma och pappa sitta vaktande i klassrummet &#8211; medan det ska satsas p\u00e5 elever som redan har det l\u00e4tt f\u00f6r sig<a href=\"http:\/\/www.expressen.se\/Nyheter\/1.2102451\/utpressad-av-skolkamrater\">.<\/a><\/p>\n<p>I gruppen &#8221;st\u00f6kiga elever&#8221; hamnar v\u00e4ldigt ofta elever med t ex <strong>ADHD och Aspergers syndrom<\/strong>. Barn och ungdomar som \u00e4r intelligenta men som kan beh\u00f6va s\u00e4rskilt st\u00f6d efter sina f\u00f6ruts\u00e4ttningar. N\u00e4r det st\u00f6det uteblir diskrimineras dessa elever sv\u00e5rt. F\u00f6rutom den personliga tragedin f\u00f6r var och en &#8211; inneb\u00e4r det en utslagning som kan medf\u00f6ra stora utgifter i framtiden f\u00f6r samh\u00e4llet genom arbetsl\u00f6shetsers\u00e4ttning, sjukbidrag och i v\u00e4rsta fall kostnader i samband med kriminalv\u00e5rd.<\/p>\n<p>Den dag alla skolelever f\u00e5r den undervisning de har r\u00e4tt till enligt lag &#8211; d\u00e5 f\u00f6rst kan man satsa p\u00e5 s k elitelever!<\/p>\n<p>Ni kan h\u00f6ra programmet igen ikv\u00e4ll, torsdag kl 20.35, d\u00e5 i en f\u00f6rkortad version. D\u00e5 f\u00e5r ni h\u00f6ra vad Jan Bj\u00f6rklund hade att komma med! Klicka <a href=\"http:\/\/sverigesradio.se\/sida\/default.aspx?programid=1120\"><strong>H\u00c4R <\/strong><\/a>f\u00f6r att komma till radions Ring P1<\/p>\n<p><a rel=\"attachment wp-att-12895\" href=\"http:\/\/www.filindeblogg.nu\/?attachment_id=12895\"><img loading=\"lazy\" class=\"aligncenter size-medium wp-image-12895\" title=\"Jan Bj\u00f6rklund i radio\" src=\"http:\/\/www.filindeblogg.nu\/wp-content\/uploads\/2010\/08\/Jan-Bj\u00f6rklund-i-radio-300x217.jpg\" alt=\"\" width=\"300\" height=\"217\" srcset=\"http:\/\/www.filindeblogg.nu\/wp-content\/uploads\/2010\/08\/Jan-Bj\u00f6rklund-i-radio-300x217.jpg 300w, http:\/\/www.filindeblogg.nu\/wp-content\/uploads\/2010\/08\/Jan-Bj\u00f6rklund-i-radio.jpg 520w\" sizes=\"(max-width: 300px) 100vw, 300px\" \/><\/a><\/p>\n","protected":false},"excerpt":{"rendered":"<p>Idag hade jag f\u00f6rm\u00e5nen att prata i radion med utbildningsminister Jan Bj\u00f6rklund. Det var hans tur att utfr\u00e5gas i Sveriges Radios program Ring\u00a0 P1. Naturligtvis handlade mina fr\u00e5gor om alla elevers r\u00e4tt till undervisning i den svenska grundskolan. En r\u00e4ttighet som inte finns idag. Jag tog upp Jan Bj\u00f6rklunds f\u00f6rslag om elitsatsning bland grundskolans 13-\u00e5ringar [&hellip;]<\/p>\n","protected":false},"author":1,"featured_media":0,"comment_status":"open","ping_status":"open","sticky":false,"template":"","format":"standard","meta":[],"categories":[107,100,110,101],"tags":[],"_links":{"self":[{"href":"http:\/\/www.filindeblogg.nu\/index.php?rest_route=\/wp\/v2\/posts\/12894"}],"collection":[{"href":"http:\/\/www.filindeblogg.nu\/index.php?rest_route=\/wp\/v2\/posts"}],"about":[{"href":"http:\/\/www.filindeblogg.nu\/index.php?rest_route=\/wp\/v2\/types\/post"}],"author":[{"embeddable":true,"href":"http:\/\/www.filindeblogg.nu\/index.php?rest_route=\/wp\/v2\/users\/1"}],"replies":[{"embeddable":true,"href":"http:\/\/www.filindeblogg.nu\/index.php?rest_route=%2Fwp%2Fv2%2Fcomments&post=12894"}],"version-history":[{"count":6,"href":"http:\/\/www.filindeblogg.nu\/index.php?rest_route=\/wp\/v2\/posts\/12894\/revisions"}],"predecessor-version":[{"id":12901,"href":"http:\/\/www.filindeblogg.nu\/index.php?rest_route=\/wp\/v2\/posts\/12894\/revisions\/12901"}],"wp:attachment":[{"href":"http:\/\/www.filindeblogg.nu\/index.php?rest_route=%2Fwp%2Fv2%2Fmedia&parent=12894"}],"wp:term":[{"taxonomy":"category","embeddable":true,"href":"http:\/\/www.filindeblogg.nu\/index.php?rest_route=%2Fwp%2Fv2%2Fcategories&post=12894"},{"taxonomy":"post_tag","embeddable":true,"href":"http:\/\/www.filindeblogg.nu\/index.php?rest_route=%2Fwp%2Fv2%2Ftags&post=12894"}],"curies":[{"name":"wp","href":"https:\/\/api.w.org\/{rel}","templated":true}]}}