{"id":12543,"date":"2010-08-02T14:53:26","date_gmt":"2010-08-02T13:53:26","guid":{"rendered":"http:\/\/www.filindeblogg.nu\/?p=12543"},"modified":"2010-08-02T14:53:26","modified_gmt":"2010-08-02T13:53:26","slug":"jan-bjorklund-gor-det-igen","status":"publish","type":"post","link":"http:\/\/www.filindeblogg.nu\/?p=12543","title":{"rendered":"Jan Bj\u00f6rklund g\u00f6r det igen!"},"content":{"rendered":"<p><a rel=\"attachment wp-att-12547\" href=\"http:\/\/www.filindeblogg.nu\/?attachment_id=12547\"><img loading=\"lazy\" class=\"aligncenter size-full wp-image-12547\" title=\"Skamvr\u00e5n\" src=\"http:\/\/www.filindeblogg.nu\/wp-content\/uploads\/2010\/08\/Skamvr\u00e5n.jpg\" alt=\"\" width=\"110\" height=\"129\" \/><\/a><\/p>\n<p><strong>Jan Bj\u00f6rklund <\/strong>g\u00f6r det igen! Tabbar sig och dabbar sig! Det blir helt klart IG i uppf\u00f6rande och skamvr\u00e5n f\u00f6r utbildningsministern!<\/p>\n<p><strong>Skolk ska synas i betyget! <\/strong>Det f\u00f6rslaget l\u00e4gger Jan Bj\u00f6rklund och regeringen nu fram!<\/p>\n<p>Varf\u00f6r d\u00e5? Av vilken anledning ska skolk synas i ett skolbetyg? Det \u00e4r den f\u00f6rsta fr\u00e5ga man st\u00e4ller sig.<br \/>\nEn annan fr\u00e5ga som Bj\u00f6rklund sj\u00e4lv borde finna svar p\u00e5 \u00e4r VARF\u00d6R SKOLKAR SKOLELEVER??<br \/>\nUngar som gillar skolan<a href=\"http:\/\/www.aftonbladet.se\/nyheter\/article7558149.ab\">,<\/a> som blir respekterade och som f\u00e5r undervisning efter sina f\u00f6ruts\u00e4ttningar &#8211; varf\u00f6r skulle dom vilja skolka?<\/p>\n<p>Att inf\u00f6ra skolkredovisning i betyget \u00e4r bara ett s\u00e4tt att hota! Hota elever att stanna kvar i klassrummet oavsett hur de m\u00e5r. Hota de elever vars \u00e4nda utv\u00e4g f\u00f6r att st\u00e5 ut i skolan &#8211; \u00e4r att avvika n\u00e5gra timmar, f\u00e5 lugn och ro &#8211; genom att g\u00e5 hem eller vad som helst<a href=\"http:\/\/www.svd.se\/nyheter\/inrikes\/skolk-ska-foras-in-i-betygen_5075127.svd\">. <\/a>Det \u00e4r att skr\u00e4mma elever till lydnad &#8211; n\u00e5got som inte kommer att ha n\u00e5gon som helst inverkan p\u00e5 fr\u00e5nvaron<a href=\"http:\/\/www.dn.se\/nyheter\/sverige\/vi-tror-inte-att-det-loser-nagot-1.1147315\">.<\/a><br \/>\nD\u00e4remot kommer de elever som har det sv\u00e5rast, de som inte klarar tempot, de som har &#8221;myror i brallorna&#8221;, de med sociala problem och neuropsykiatriska funktionshinder <a href=\"http:\/\/hd.se\/inrikes\/2010\/08\/02\/skolk-ska-foras-in-i-betygen\/\">&#8211;<\/a> att sl\u00e5s ut \u00e4nnu mer<a href=\"http:\/\/www.sydsvenskan.se\/val2010\/article1193509\/Skolk-ska-foras-in-i-betygen.html\">.<\/a><\/p>\n<p>Detta \u00e4r att stampa p\u00e5 dom som redan ligger! Den mentaliteten har Jan Bj\u00f6rklund visat prov p\u00e5 tidigare och han g\u00f6r det igen! \u00c5ter visar det att vi har en utbildningsminister som inte har en susning om skolan! En minister som \u00e4r en fara f\u00f6r skolan i allm\u00e4nhet och f\u00f6r de svagaste eleverna i synnerhet<a href=\"http:\/\/www.expressen.se\/Nyheter\/val2010\/1.2083568\/skolk-hamnar-i-skolbetyget\">.<\/a><\/p>\n<p>F\u00f6r mig \u00e4r det sj\u00e4lvklart att r\u00f6sta bort en s\u00e5dan makthavare i h\u00f6st! Barn \u00e4r v\u00e5r framtid! Skolan \u00e4r det viktigaste vi har! Utan en bra skola &#8211; inga trygga elever &#8211; inga kunniga vuxna &#8211; ingen framtid.<\/p>\n<p><a rel=\"attachment wp-att-12544\" href=\"http:\/\/www.filindeblogg.nu\/?attachment_id=12544\"><img loading=\"lazy\" class=\"aligncenter size-full wp-image-12544\" title=\"HJ\u00c4LP\" src=\"http:\/\/www.filindeblogg.nu\/wp-content\/uploads\/2010\/08\/HJ\u00c4LP.jpg\" alt=\"\" width=\"160\" height=\"122\" \/><\/a><\/p>\n","protected":false},"excerpt":{"rendered":"<p>Jan Bj\u00f6rklund g\u00f6r det igen! Tabbar sig och dabbar sig! Det blir helt klart IG i uppf\u00f6rande och skamvr\u00e5n f\u00f6r utbildningsministern! Skolk ska synas i betyget! Det f\u00f6rslaget l\u00e4gger Jan Bj\u00f6rklund och regeringen nu fram! Varf\u00f6r d\u00e5? Av vilken anledning ska skolk synas i ett skolbetyg? Det \u00e4r den f\u00f6rsta fr\u00e5ga man st\u00e4ller sig. En [&hellip;]<\/p>\n","protected":false},"author":1,"featured_media":0,"comment_status":"open","ping_status":"open","sticky":false,"template":"","format":"standard","meta":[],"categories":[107,100,110,101],"tags":[],"_links":{"self":[{"href":"http:\/\/www.filindeblogg.nu\/index.php?rest_route=\/wp\/v2\/posts\/12543"}],"collection":[{"href":"http:\/\/www.filindeblogg.nu\/index.php?rest_route=\/wp\/v2\/posts"}],"about":[{"href":"http:\/\/www.filindeblogg.nu\/index.php?rest_route=\/wp\/v2\/types\/post"}],"author":[{"embeddable":true,"href":"http:\/\/www.filindeblogg.nu\/index.php?rest_route=\/wp\/v2\/users\/1"}],"replies":[{"embeddable":true,"href":"http:\/\/www.filindeblogg.nu\/index.php?rest_route=%2Fwp%2Fv2%2Fcomments&post=12543"}],"version-history":[{"count":8,"href":"http:\/\/www.filindeblogg.nu\/index.php?rest_route=\/wp\/v2\/posts\/12543\/revisions"}],"predecessor-version":[{"id":12553,"href":"http:\/\/www.filindeblogg.nu\/index.php?rest_route=\/wp\/v2\/posts\/12543\/revisions\/12553"}],"wp:attachment":[{"href":"http:\/\/www.filindeblogg.nu\/index.php?rest_route=%2Fwp%2Fv2%2Fmedia&parent=12543"}],"wp:term":[{"taxonomy":"category","embeddable":true,"href":"http:\/\/www.filindeblogg.nu\/index.php?rest_route=%2Fwp%2Fv2%2Fcategories&post=12543"},{"taxonomy":"post_tag","embeddable":true,"href":"http:\/\/www.filindeblogg.nu\/index.php?rest_route=%2Fwp%2Fv2%2Ftags&post=12543"}],"curies":[{"name":"wp","href":"https:\/\/api.w.org\/{rel}","templated":true}]}}