{"id":1250,"date":"2008-04-27T08:34:28","date_gmt":"2008-04-27T07:34:28","guid":{"rendered":"http:\/\/www.filindeblogg.nu\/?p=1250"},"modified":"2009-06-05T04:36:19","modified_gmt":"2009-06-05T03:36:19","slug":"att-missbruka-adhd","status":"publish","type":"post","link":"http:\/\/www.filindeblogg.nu\/?p=1250","title":{"rendered":"ATT MISSBRUKA ADHD!"},"content":{"rendered":"<p>I en debattartikel i <a href=\"http:\/\/www.dn.se\/DNet\/jsp\/polopoly.jsp?d=572&amp;a=764671\">s\u00f6ndagens DN <\/a>angriper professorerna Martin Ingvar, Markus Heilig och Nancy Pedersen samt ordf\u00f6randen i Riksf\u00f6rbundet Attention Anki Sandberg &#8211; SVT och det osakliga, f\u00f6r att inte s\u00e4ga osmakliga, i att s\u00e4nda ett program som <a href=\"http:\/\/www.svd.se\/import_np\/import_np_inrikes\/artikel_1184065.svd\">&#8221;F\u00f6rd\u00e4rvet&#8221; <\/a>i TV!<\/p>\n<p>Jag har tidigare i min blogg starkt reagerat p\u00e5 detta program som endast m\u00e5ste vara ett best\u00e4llningsjobb fr\u00e5n Eva K\u00e4rfve och Leif Elinder f\u00f6r en forts\u00e4ttning av sitt skymfande av Christopher Gillberg, en av v\u00e4rldens fr\u00e4msta forskare inom omr\u00e5det autismspektrumst\u00f6rningar.<\/p>\n<p>L\u00e4s debattartikeln <a href=\"http:\/\/www.dn.se\/DNet\/jsp\/polopoly.jsp?d=572&amp;a=764671\">H\u00c4R<\/a>.<\/p>\n<p>Christopher Gillberg har gjort enorma insatser f\u00f6r barn, ungdomar och vuxna med ADHD och Aspergers syndrom m fl diagnoser inom Autismspektrat.<br \/>\nAtt ha ADHD betyder inte att att man \u00e4r ett &#8221;miffo&#8221; eller vilka sk\u00e4llsuttryck nu dessa m\u00e4nniskor uts\u00e4tts f\u00f6r. Har man ADHD \u00e4r man precis som alla andra &#8211; men har vissa sv\u00e5righeter att koncentrera sig eller f\u00f6rst\u00e5 socialt samspel.<\/p>\n<p>Eva K\u00e4rfve och Leif Elinder f\u00e5r genom Sveriges Television m\u00f6jlighet att p\u00e5 nytt f\u00f6rtala Christopher Gillberg. Men samtidigt till\u00e5ts de g\u00f6ra n\u00e5got \u00e4nnu v\u00e4rre! De skuldbel\u00e4gger f\u00f6r\u00e4ldrar och barn!<\/p>\n<p>K\u00e4rfve och Elinder p\u00e5st\u00e5r att \u00f6verdriften \u00e4r stor vad g\u00e4ller diagnoser och att stackars vanliga sm\u00e5busiga barn stigmatiseras genom diagnoser! Detta \u00e4r helt fel!<\/p>\n<p>Om du har ett barn med n\u00e5gon form av egenskap inom Autismspektrat s\u00e5 vet du det ganska snart. Du ser det, k\u00e4nner det p\u00e5 dig, m\u00e4rker det p\u00e5 barnets beteende. Att d\u00e5 f\u00e5 kallduschen \u00f6ver sig att \u00f6verdramatisera n\u00e4r man tror att barnet m\u00f6jligen kan ha t ex ADHD \u00e4r fruktansv\u00e4rt!<\/p>\n<p>Barn, ungdomar och vuxna med egenskaper inom Autismspektrat har tillr\u00e4ckligt sv\u00e5rt \u00e4nd\u00e5 utan att de samtidigt ska f\u00e5 veta att de \u00f6verdramatiserar eller ljuger! Att barnen har f\u00f6r\u00e4ldrar som \u00e4r hysteriska och \u00f6verdriver &#8211; eller att dom sj\u00e4lva \u00e4r enfaldiga som tror sig ha koncentrationssv\u00e5righeter.<\/p>\n<p>Att ha <a href=\"http:\/\/sydsvenskan.se\/sverige\/article318897.ece\">ADHD eller Aspergers syndrom<\/a> i dagens Sverige \u00e4r dessutom otrolig mycket sv\u00e5rare \u00e4n bara f\u00f6r tiotalet \u00e5r sedan! L\u00e4get i grundskolan, kravet p\u00e5 h\u00f6gskoleutbildning f\u00f6r alla och stressen i samh\u00e4llet g\u00f6r situationen \u00e4nnu v\u00e4rre f\u00f6r dessa m\u00e4nniskor.<\/p>\n<p>SVT:s Eva Hamilton borde ha lite mera koll p\u00e5 vad som s\u00e4nds eller \u00e5tminstone skaffa sig s\u00e5dana medarbetare att program av typen &#8221;F\u00f6rd\u00e4rvet&#8221; aldrig sl\u00e4pps fram!<\/p>\n","protected":false},"excerpt":{"rendered":"<p>I en debattartikel i s\u00f6ndagens DN angriper professorerna Martin Ingvar, Markus Heilig och Nancy Pedersen samt ordf\u00f6randen i Riksf\u00f6rbundet Attention Anki Sandberg &#8211; SVT och det osakliga, f\u00f6r att inte s\u00e4ga osmakliga, i att s\u00e4nda ett program som &#8221;F\u00f6rd\u00e4rvet&#8221; i TV! Jag har tidigare i min blogg starkt reagerat p\u00e5 detta program som endast m\u00e5ste [&hellip;]<\/p>\n","protected":false},"author":1,"featured_media":0,"comment_status":"open","ping_status":"open","sticky":false,"template":"","format":"standard","meta":[],"categories":[1,107,101],"tags":[],"_links":{"self":[{"href":"http:\/\/www.filindeblogg.nu\/index.php?rest_route=\/wp\/v2\/posts\/1250"}],"collection":[{"href":"http:\/\/www.filindeblogg.nu\/index.php?rest_route=\/wp\/v2\/posts"}],"about":[{"href":"http:\/\/www.filindeblogg.nu\/index.php?rest_route=\/wp\/v2\/types\/post"}],"author":[{"embeddable":true,"href":"http:\/\/www.filindeblogg.nu\/index.php?rest_route=\/wp\/v2\/users\/1"}],"replies":[{"embeddable":true,"href":"http:\/\/www.filindeblogg.nu\/index.php?rest_route=%2Fwp%2Fv2%2Fcomments&post=1250"}],"version-history":[{"count":1,"href":"http:\/\/www.filindeblogg.nu\/index.php?rest_route=\/wp\/v2\/posts\/1250\/revisions"}],"predecessor-version":[{"id":6082,"href":"http:\/\/www.filindeblogg.nu\/index.php?rest_route=\/wp\/v2\/posts\/1250\/revisions\/6082"}],"wp:attachment":[{"href":"http:\/\/www.filindeblogg.nu\/index.php?rest_route=%2Fwp%2Fv2%2Fmedia&parent=1250"}],"wp:term":[{"taxonomy":"category","embeddable":true,"href":"http:\/\/www.filindeblogg.nu\/index.php?rest_route=%2Fwp%2Fv2%2Fcategories&post=1250"},{"taxonomy":"post_tag","embeddable":true,"href":"http:\/\/www.filindeblogg.nu\/index.php?rest_route=%2Fwp%2Fv2%2Ftags&post=1250"}],"curies":[{"name":"wp","href":"https:\/\/api.w.org\/{rel}","templated":true}]}}