{"id":12370,"date":"2010-07-29T14:49:24","date_gmt":"2010-07-29T13:49:24","guid":{"rendered":"http:\/\/www.filindeblogg.nu\/?p=12370"},"modified":"2010-07-29T14:50:06","modified_gmt":"2010-07-29T13:50:06","slug":"varfor-ska-bogar-ha-alla-fordelar","status":"publish","type":"post","link":"http:\/\/www.filindeblogg.nu\/?p=12370","title":{"rendered":"Varf\u00f6r ska b\u00f6gar ha alla f\u00f6rdelar??"},"content":{"rendered":"<p>Varf\u00f6r ska b\u00f6gar och flator f\u00e5 en egen festival och total uppm\u00e4rksamhet under en vecka!? Alla tidningar med sj\u00e4lvaktning bara m\u00e5ste ha artiklar om mobbade b\u00f6gar och diskriminerade flator just nu<a href=\"http:\/\/www.svd.se\/nyheter\/inrikes\/sd-siktar-in-sig-pa-hbt-roster_5054837.svd\">.<\/a> Men alla andra diskriminerade d\u00e5?? N\u00e4r f\u00e5r d\u00e5 &#8221;komma ut&#8221;?<\/p>\n<p><strong>Fr o m n\u00e4sta \u00e5r vill jag se en NPF-parad och allt ljus p\u00e5 alla s\u00e4rbehandlade m\u00e4nniskor med ADHD<a href=\"http:\/\/www.dn.se\/sthlm\/darfor-staller-kd-inte-upp-i-debatten-1.1140845\">,<\/a> Aspergers syndrom<a href=\"http:\/\/www.dn.se\/sthlm\/jag-blev-utskalld-fran-scen-nar-jag-kom-ut-1978-1.1144362\">,<\/a> Tourettes och allt vad det heter<\/strong>!<\/p>\n<p>Alla trakasserade och f\u00f6rf\u00f6ljda som behandlas som parias bara f\u00f6r att dom inte riktigt platsar i n\u00e5gon sorts p\u00e5hittad normalmall som inte existerar i verkligheten!<br \/>\nAlla genier<a href=\"http:\/\/www.expressen.se\/Nyheter\/1.2080063\/kramades-blev-utslangda-fran-krogen\">,<\/a> uppfinnare<a href=\"http:\/\/www.aftonbladet.se\/nojesbladet\/article7540574.ab\">,<\/a> artister, f\u00f6retagsledare och andra som lyckats trots hemsk uppv\u00e4xt och h\u00e5rt motst\u00e5nd fr\u00e5n en allm\u00e4nhet &#8211; dom vill jag se i ett gigantiskt festt\u00e5g!<br \/>\nAlla kn\u00e4ckta sj\u00e4lvmordskandidater<a href=\"http:\/\/www.aftonbladet.se\/wendela\/article7540864.ab\">,<\/a> alla l\u00e4rarmobbade skolelever<a href=\"http:\/\/www.expressen.se\/sex\/1.2079576\/stockholm-pride-invigdes-med-glitter-och-glamour\">, <\/a>alla f\u00f6rbannade &#8221;skitungar&#8221; &#8211; ska g\u00e5 med i t\u00e5get!<\/p>\n<p>Det \u00e4r inte OK att diskriminera n\u00e5gon f\u00f6r att han eller hon \u00e4lskar en person av samma k\u00f6n. Men det \u00e4r banne mig inte heller i sin ordning att intelligenta m\u00e4nniskor sl\u00e5s ut fr\u00e5n skola och arbetsliv f\u00f6r att n\u00e5gra best\u00e4mt att dom inte passar in!<\/p>\n<p>G\u00e5 in <a href=\"http:\/\/www.attention-riks.se\/\"><strong>H\u00c4R <\/strong><\/a>f\u00f6r att komma till <strong>Riksf\u00f6rbundet Attention! <\/strong>Och <a href=\"http:\/\/www.autism.se\/\"><strong>H\u00c4R<\/strong><\/a> f\u00f6r <strong>Autism- och Aspergerf\u00f6rbundet! <\/strong><\/p>\n<p><a rel=\"attachment wp-att-12371\" href=\"http:\/\/www.filindeblogg.nu\/?attachment_id=12371\"><img loading=\"lazy\" class=\"aligncenter size-full wp-image-12371\" title=\"ADHD\" src=\"http:\/\/www.filindeblogg.nu\/wp-content\/uploads\/2010\/07\/ADHD.jpg\" alt=\"\" width=\"175\" height=\"132\" \/><\/a><\/p>\n","protected":false},"excerpt":{"rendered":"<p>Varf\u00f6r ska b\u00f6gar och flator f\u00e5 en egen festival och total uppm\u00e4rksamhet under en vecka!? Alla tidningar med sj\u00e4lvaktning bara m\u00e5ste ha artiklar om mobbade b\u00f6gar och diskriminerade flator just nu. Men alla andra diskriminerade d\u00e5?? N\u00e4r f\u00e5r d\u00e5 &#8221;komma ut&#8221;? Fr o m n\u00e4sta \u00e5r vill jag se en NPF-parad och allt ljus p\u00e5 [&hellip;]<\/p>\n","protected":false},"author":1,"featured_media":0,"comment_status":"open","ping_status":"open","sticky":false,"template":"","format":"standard","meta":[],"categories":[107,100,101],"tags":[],"_links":{"self":[{"href":"http:\/\/www.filindeblogg.nu\/index.php?rest_route=\/wp\/v2\/posts\/12370"}],"collection":[{"href":"http:\/\/www.filindeblogg.nu\/index.php?rest_route=\/wp\/v2\/posts"}],"about":[{"href":"http:\/\/www.filindeblogg.nu\/index.php?rest_route=\/wp\/v2\/types\/post"}],"author":[{"embeddable":true,"href":"http:\/\/www.filindeblogg.nu\/index.php?rest_route=\/wp\/v2\/users\/1"}],"replies":[{"embeddable":true,"href":"http:\/\/www.filindeblogg.nu\/index.php?rest_route=%2Fwp%2Fv2%2Fcomments&post=12370"}],"version-history":[{"count":10,"href":"http:\/\/www.filindeblogg.nu\/index.php?rest_route=\/wp\/v2\/posts\/12370\/revisions"}],"predecessor-version":[{"id":12381,"href":"http:\/\/www.filindeblogg.nu\/index.php?rest_route=\/wp\/v2\/posts\/12370\/revisions\/12381"}],"wp:attachment":[{"href":"http:\/\/www.filindeblogg.nu\/index.php?rest_route=%2Fwp%2Fv2%2Fmedia&parent=12370"}],"wp:term":[{"taxonomy":"category","embeddable":true,"href":"http:\/\/www.filindeblogg.nu\/index.php?rest_route=%2Fwp%2Fv2%2Fcategories&post=12370"},{"taxonomy":"post_tag","embeddable":true,"href":"http:\/\/www.filindeblogg.nu\/index.php?rest_route=%2Fwp%2Fv2%2Ftags&post=12370"}],"curies":[{"name":"wp","href":"https:\/\/api.w.org\/{rel}","templated":true}]}}