{"id":12148,"date":"2010-07-13T21:42:07","date_gmt":"2010-07-13T20:42:07","guid":{"rendered":"http:\/\/www.filindeblogg.nu\/?p=12148"},"modified":"2010-07-13T21:42:07","modified_gmt":"2010-07-13T20:42:07","slug":"i-filmen-finns-inga-kanslor","status":"publish","type":"post","link":"http:\/\/www.filindeblogg.nu\/?p=12148","title":{"rendered":"I filmen finns inga k\u00e4nslor!!"},"content":{"rendered":"<p>Regiss\u00f6ren till filmen <strong><em>&#8221;I rymden finns inga k\u00e4nslor&#8221;<\/em><\/strong> &#8211; har inte tillstymmelse till k\u00e4nslor sj\u00e4lv! Eller r\u00e4ttare sagt &#8211;<strong> Andreas \u00d6hman <\/strong>har inte v\u00e4rst mycket hum om diagnosen <strong>Aspergers syndrom!<\/strong><\/p>\n<p>Tyv\u00e4rr visades filmen i SVT ikv\u00e4ll och vi var ett antal personer &#8211; med och utan diagnosen Aspergers syndrom som s\u00e5g den. Vi h\u00e4pnade alla \u00f6ver regiss\u00f6rens d\u00e5liga insikt i problematiken. Beteenden hos den vuxne huvudpersonen var ett barns &#8211; ett barn som m\u00f6jligen, eventuellt kunde ha n\u00e5gon diagnos inom Autismspektrat.<br \/>\nDet var pinsamt att se filmen. Generande och obehagligt n\u00e4r m\u00e4rkliga beteende klistras p\u00e5 en person med h\u00e4nvisning Aspergers. <a rel=\"attachment wp-att-12154\" href=\"http:\/\/www.filindeblogg.nu\/?attachment_id=12154\"><img loading=\"lazy\" class=\"alignnone size-thumbnail wp-image-12154\" title=\"work_in_progress_i_rymden_finns_inga_kanslor\" src=\"http:\/\/www.filindeblogg.nu\/wp-content\/uploads\/2010\/07\/work_in_progress_i_rymden_finns_inga_kanslor-150x150.jpg\" alt=\"\" width=\"150\" height=\"150\" \/><\/a><\/p>\n<p>En av tittarna hos mig ikv\u00e4ll sa:<em> &#8221;- Jaha, nu kan jag aldrig mer ber\u00e4tta f\u00f6r n\u00e5gon att jag har Aspergers syndrom. F\u00f6r t\u00e4nk om n\u00e5gon har sett den h\u00e4r filmen. D\u00e5 tror dom ju att jag \u00e4r en idiot.&#8221;<\/em><\/p>\n<p>Hur kan en s\u00e5dan h\u00e4r film bara f\u00e5 visas rakt av? En debatt om filmen borde ha f\u00f6ljt efter\u00e5t d\u00e4r regiss\u00f6ren f\u00e5tt m\u00f6ta Aspergerspersoner och deras anh\u00f6riga<a href=\"http:\/\/www.dn.se\/nyheter\/sverige\/kommuner-brister-i-hjalp-till-psykiskt-sjuka-1.1137070\">.<\/a> Men, som med allt annat n\u00e4r det g\u00e4ller Aspergers syndrom<a href=\"http:\/\/www.aftonbladet.se\/nyheter\/article7458094.ab\">,<\/a> ADHD eller andra neuropsykiatriska diagnoser: Det finns inget intresse f\u00f6r det. Inget utrymme, ingen vilja till f\u00f6rst\u00e5else &#8211; egentligen.<\/p>\n<p>Det har f\u00f6rs\u00f6kts f\u00f6rr att g\u00f6ra filmer om diagnoser inom Autism.<em><strong> &#8221;Utanf\u00f6r din d\u00f6rr&#8221;<\/strong><\/em>, manus och regi E<strong>ric Donell,<\/strong> fr\u00e5n 2002 handlar om en ung man med <strong>Tourettes syndrom<\/strong>. Jag s\u00e5g den p\u00e5 bio och den var r\u00e4tt platt men f\u00e5ngade \u00e4nd\u00e5 ett visst korn av sanning. Betydligt b\u00e4ttre \u00e4n filmen &#8221;I rymden finns inga k\u00e4nslor&#8221;. L\u00e4s mer om &#8221;Utanf\u00f6r dig d\u00f6rr&#8221; p\u00e5 <strong>Wikipedia<\/strong> genom att klicka <a href=\"http:\/\/sv.wikipedia.org\/wiki\/Utanf\u00f6r_din_d\u00f6rr\"><strong>H\u00c4R!<\/strong><\/a> <a rel=\"attachment wp-att-12149\" href=\"http:\/\/www.filindeblogg.nu\/?attachment_id=12149\"><img loading=\"lazy\" class=\"alignnone size-full wp-image-12149\" title=\"Utanf\u00f6r din d\u00f6rr\" src=\"http:\/\/www.filindeblogg.nu\/wp-content\/uploads\/2010\/07\/Utanf\u00f6r-din-d\u00f6rr.jpg\" alt=\"\" width=\"143\" height=\"202\" \/><\/a><\/p>\n<p>Jag efterlyser mer respekt, en mer nyanserad bild av m\u00e4nniskor med Aspergers syndrom och liknande diagnoser! S\u00e5 mycket skit som dessa m\u00e4nniskor f\u00e5r utst\u00e5 s\u00e5 \u00e4r det banne mig inte mer \u00e4n r\u00e4tt!<\/p>\n<p>Det vore intressant att veta vad <strong>Dr Christopher Gillberg <\/strong>har att s\u00e4ga om filmerna.<\/p>\n","protected":false},"excerpt":{"rendered":"<p>Regiss\u00f6ren till filmen &#8221;I rymden finns inga k\u00e4nslor&#8221; &#8211; har inte tillstymmelse till k\u00e4nslor sj\u00e4lv! Eller r\u00e4ttare sagt &#8211; Andreas \u00d6hman har inte v\u00e4rst mycket hum om diagnosen Aspergers syndrom! Tyv\u00e4rr visades filmen i SVT ikv\u00e4ll och vi var ett antal personer &#8211; med och utan diagnosen Aspergers syndrom som s\u00e5g den. Vi h\u00e4pnade alla [&hellip;]<\/p>\n","protected":false},"author":1,"featured_media":0,"comment_status":"open","ping_status":"open","sticky":false,"template":"","format":"standard","meta":[],"categories":[107,100,101],"tags":[],"_links":{"self":[{"href":"http:\/\/www.filindeblogg.nu\/index.php?rest_route=\/wp\/v2\/posts\/12148"}],"collection":[{"href":"http:\/\/www.filindeblogg.nu\/index.php?rest_route=\/wp\/v2\/posts"}],"about":[{"href":"http:\/\/www.filindeblogg.nu\/index.php?rest_route=\/wp\/v2\/types\/post"}],"author":[{"embeddable":true,"href":"http:\/\/www.filindeblogg.nu\/index.php?rest_route=\/wp\/v2\/users\/1"}],"replies":[{"embeddable":true,"href":"http:\/\/www.filindeblogg.nu\/index.php?rest_route=%2Fwp%2Fv2%2Fcomments&post=12148"}],"version-history":[{"count":10,"href":"http:\/\/www.filindeblogg.nu\/index.php?rest_route=\/wp\/v2\/posts\/12148\/revisions"}],"predecessor-version":[{"id":12160,"href":"http:\/\/www.filindeblogg.nu\/index.php?rest_route=\/wp\/v2\/posts\/12148\/revisions\/12160"}],"wp:attachment":[{"href":"http:\/\/www.filindeblogg.nu\/index.php?rest_route=%2Fwp%2Fv2%2Fmedia&parent=12148"}],"wp:term":[{"taxonomy":"category","embeddable":true,"href":"http:\/\/www.filindeblogg.nu\/index.php?rest_route=%2Fwp%2Fv2%2Fcategories&post=12148"},{"taxonomy":"post_tag","embeddable":true,"href":"http:\/\/www.filindeblogg.nu\/index.php?rest_route=%2Fwp%2Fv2%2Ftags&post=12148"}],"curies":[{"name":"wp","href":"https:\/\/api.w.org\/{rel}","templated":true}]}}