{"id":12135,"date":"2010-07-13T13:19:52","date_gmt":"2010-07-13T12:19:52","guid":{"rendered":"http:\/\/www.filindeblogg.nu\/?p=12135"},"modified":"2010-07-13T18:35:00","modified_gmt":"2010-07-13T17:35:00","slug":"lider-du-av-aspergers-syndrom","status":"publish","type":"post","link":"http:\/\/www.filindeblogg.nu\/?p=12135","title":{"rendered":"Lider du av Aspergers syndrom??"},"content":{"rendered":"<p><strong>Lider du av Aspergers syndrom? Nej, jag njuter&#8230;<\/strong><\/p>\n<p>Ikv\u00e4ll p\u00e5 <strong>SVT, 2:an<\/strong>, kan du se kortfilmen<strong><em> &#8221;I rymden finns inga k\u00e4nslor&#8221;.<\/em><\/strong> Den \u00e4r regisserad av av <strong>Andreas \u00d6hman<\/strong> och handlingen beskrivs s\u00e5 h\u00e4r p\u00e5<a href=\"http:\/\/svt.se\/2.110471\/svensk_novellfilm?lid=20100713&amp;lpos=SVT2_0000_sitelink&amp;from=tabla\"><strong> SVT:s hemsida <\/strong><\/a>och i programtabl\u00e5er<a href=\"http:\/\/www.dn.se\/nyheter\/sverige\/kommuner-brister-i-hjalp-till-psykiskt-sjuka-1.1137070\">:<\/a><\/p>\n<p><em>&#8221;Simon, 18 \u00e5r, <strong>lider<\/strong> av Aspergers syndrom<a href=\"http:\/\/www.svd.se\/nyheter\/inrikes\/stora-skillnader-i-svenska-skolan_4680459.svd\">.<\/a>&#8221; <\/em><\/p>\n<p>I min lokaltidning finns utf\u00f6rligare beskrivning d\u00e4r den 25-\u00e5rige regiss\u00f6ren bl.a s\u00e4ger s\u00e5 h\u00e4r, citat:<em> &#8221;- Det \u00e4r en ganska l\u00e4ttsam film <strong>trots <\/strong>att den handlar om en kille med Aspergers.&#8221;<\/em><\/p>\n<p>Generaliseringarna och okunskapen haglar. Jag k\u00e4nner ett par ungdomar som varken lider eller njuter av sin Aspergers. Dom bara \u00e4r!<br \/>\nOch tillvaron kan faktiskt vara r\u00e4tt vanlig och v\u00e4ldigt OK &#8211; TROTS &#8211; att diagnosen Aspergers syndrom har st\u00e4llts.<\/p>\n<p>Alla som har Aspergers eller ADHD eller ADD eller n\u00e5gon annan av alla diagnoser som numera m\u00e5ste till f\u00f6r att synligg\u00f6ra vissa m\u00e4nniskor &#8211; \u00e4r inte s\u00e4rskilt m\u00e4rkliga alls. Helt vanliga killar och tjejer! Kolla din granne &#8211; kanske \u00e4r han eller hon &#8221;en s\u00e5dan&#8221;!?<\/p>\n<p>2010 i Sverige &#8211; och f\u00f6r den delen sen tiotalet \u00e5r tillbaka &#8211; m\u00e5ste ungar st\u00e4mplas med diagnos f\u00f6r att \u00f6ver huvud taget inte bara f\u00f6rsvinna. Fast &#8211; det hj\u00e4lper ju inte \u00e4nd\u00e5<a href=\"http:\/\/www.aftonbladet.se\/nojesbladet\/tv\/article7458326.ab\">.<\/a> Skolorna &#8211; f\u00f6rl\u00e5t, skolpolitikerna och regeringen\u00a0 &#8211; bryr sig inte i alla fall! Lagen om skolplikt g\u00e4ller inte barn och ungdomar med neuropsykiatriska funktionshinder<a href=\"http:\/\/www.expressen.se\/Nyheter\/1.2062545\/littorinaffaren-sanker-regeringen\">,<\/a> som det s\u00e5 tjusigt ocks\u00e5 kallas. Det f\u00f6rst\u00e5r man om man varit i kontakt med n\u00e5gra av de h\u00e4r eleverna.<strong> Den ljusnande framtiden \u00e4r kanske v\u00e5r &#8211; men absolut inte deras! <\/strong><\/p>\n<p>Skamligt \u00e4r bara f\u00f6rnamnet! En k\u00e4nga igen(!) till utbildningsminister <strong>Jan Bj\u00f6rklund <\/strong>som inte har en susning och som don&#8217;t give a damn! Bort med honom! Fram f\u00f6r skolor f\u00f6r alla &#8211; <strong>r\u00f6sta Milj\u00f6!<\/strong><\/p>\n<p>Men tills dess kan vi ju ta och kolla rullen ikv\u00e4ll<a href=\"http:\/\/www.svd.se\/nyheter\/inrikes\/kraftig-okning-av-nytt-superpollen_4987029.svd\">.<\/a> Bara 30 minuter l\u00e5ng och en r\u00e4tt kul trailer faktiskt &#8211; se <a href=\"http:\/\/blogg.irymden.se\/\"><strong>H\u00c4R!<\/strong><\/a> En av alla barnen <strong>Skarsg\u00e5rd<\/strong> har huvudrollen ocks\u00e5! Denna g\u00e5ng <strong>Bill! <\/strong>L\u00e5ngfilmsversionen kommer till h\u00f6sten!<\/p>\n<p><a rel=\"attachment wp-att-12136\" href=\"http:\/\/www.filindeblogg.nu\/?attachment_id=12136\"><img loading=\"lazy\" class=\"aligncenter size-full wp-image-12136\" title=\"Jennifer (Cecilia Forss) och Simon (Bill Skarsg\u00e5rd)\" src=\"http:\/\/www.filindeblogg.nu\/wp-content\/uploads\/2010\/07\/I-rymden-finns-inga-k\u00e4nslor.jpg\" alt=\"\" width=\"200\" height=\"300\" \/><\/a><\/p>\n","protected":false},"excerpt":{"rendered":"<p>Lider du av Aspergers syndrom? Nej, jag njuter&#8230; Ikv\u00e4ll p\u00e5 SVT, 2:an, kan du se kortfilmen &#8221;I rymden finns inga k\u00e4nslor&#8221;. Den \u00e4r regisserad av av Andreas \u00d6hman och handlingen beskrivs s\u00e5 h\u00e4r p\u00e5 SVT:s hemsida och i programtabl\u00e5er: &#8221;Simon, 18 \u00e5r, lider av Aspergers syndrom.&#8221; I min lokaltidning finns utf\u00f6rligare beskrivning d\u00e4r den 25-\u00e5rige [&hellip;]<\/p>\n","protected":false},"author":1,"featured_media":0,"comment_status":"open","ping_status":"open","sticky":false,"template":"","format":"standard","meta":[],"categories":[107,100,101],"tags":[],"_links":{"self":[{"href":"http:\/\/www.filindeblogg.nu\/index.php?rest_route=\/wp\/v2\/posts\/12135"}],"collection":[{"href":"http:\/\/www.filindeblogg.nu\/index.php?rest_route=\/wp\/v2\/posts"}],"about":[{"href":"http:\/\/www.filindeblogg.nu\/index.php?rest_route=\/wp\/v2\/types\/post"}],"author":[{"embeddable":true,"href":"http:\/\/www.filindeblogg.nu\/index.php?rest_route=\/wp\/v2\/users\/1"}],"replies":[{"embeddable":true,"href":"http:\/\/www.filindeblogg.nu\/index.php?rest_route=%2Fwp%2Fv2%2Fcomments&post=12135"}],"version-history":[{"count":11,"href":"http:\/\/www.filindeblogg.nu\/index.php?rest_route=\/wp\/v2\/posts\/12135\/revisions"}],"predecessor-version":[{"id":12147,"href":"http:\/\/www.filindeblogg.nu\/index.php?rest_route=\/wp\/v2\/posts\/12135\/revisions\/12147"}],"wp:attachment":[{"href":"http:\/\/www.filindeblogg.nu\/index.php?rest_route=%2Fwp%2Fv2%2Fmedia&parent=12135"}],"wp:term":[{"taxonomy":"category","embeddable":true,"href":"http:\/\/www.filindeblogg.nu\/index.php?rest_route=%2Fwp%2Fv2%2Fcategories&post=12135"},{"taxonomy":"post_tag","embeddable":true,"href":"http:\/\/www.filindeblogg.nu\/index.php?rest_route=%2Fwp%2Fv2%2Ftags&post=12135"}],"curies":[{"name":"wp","href":"https:\/\/api.w.org\/{rel}","templated":true}]}}