{"id":11857,"date":"2010-07-03T07:25:06","date_gmt":"2010-07-03T06:25:06","guid":{"rendered":"http:\/\/www.filindeblogg.nu\/?p=11857"},"modified":"2010-07-03T07:25:06","modified_gmt":"2010-07-03T06:25:06","slug":"3-juli-moten-och-meeting-med-emma-och-andra","status":"publish","type":"post","link":"http:\/\/www.filindeblogg.nu\/?p=11857","title":{"rendered":"3 juli &#8211; m\u00f6ten och meeting med Emma och andra"},"content":{"rendered":"<p><a rel=\"attachment wp-att-11858\" href=\"http:\/\/www.filindeblogg.nu\/?attachment_id=11858\"><img loading=\"lazy\" class=\"alignnone size-thumbnail wp-image-11858\" title=\"Morgon \u00f6ver bers\u00e5n\" src=\"http:\/\/www.filindeblogg.nu\/wp-content\/uploads\/2010\/07\/Morgon-\u00f6ver-bers\u00e5n-150x150.jpg\" alt=\"\" width=\"150\" height=\"150\" \/><\/a> L\u00f6rdag 3 juli denna underbara sommar 2010. En morgon full av f\u00f6rv\u00e4ntningar men ocks\u00e5 en morgon med ett stilla lugn, innan allt drar ig\u00e5ng.<\/p>\n<p><a rel=\"attachment wp-att-11859\" href=\"http:\/\/www.filindeblogg.nu\/?attachment_id=11859\"><img loading=\"lazy\" class=\"alignnone size-medium wp-image-11859\" title=\"Frukost p\u00e5 trappan 3 juli 10\" src=\"http:\/\/www.filindeblogg.nu\/wp-content\/uploads\/2010\/07\/Frukost-p\u00e5-trappan-3-juli-10-300x225.jpg\" alt=\"\" width=\"180\" height=\"135\" srcset=\"http:\/\/www.filindeblogg.nu\/wp-content\/uploads\/2010\/07\/Frukost-p\u00e5-trappan-3-juli-10-300x225.jpg 300w, http:\/\/www.filindeblogg.nu\/wp-content\/uploads\/2010\/07\/Frukost-p\u00e5-trappan-3-juli-10-1024x768.jpg 1024w\" sizes=\"(max-width: 180px) 100vw, 180px\" \/><\/a> En morgon att inta frukostkoppen p\u00e5 trappan. Lagom varmt innan termometern rusat bra mycket \u00f6ver 20-strecket och solen st\u00e5r h\u00f6gt p\u00e5 himlen. Bara jag och katterna. <a rel=\"attachment wp-att-11860\" href=\"http:\/\/www.filindeblogg.nu\/?attachment_id=11860\"><img loading=\"lazy\" class=\"alignnone size-medium wp-image-11860\" title=\"Frukostkoppen 3 juli 10\" src=\"http:\/\/www.filindeblogg.nu\/wp-content\/uploads\/2010\/07\/Frukostkoppen-3-juli-10-300x225.jpg\" alt=\"\" width=\"180\" height=\"135\" srcset=\"http:\/\/www.filindeblogg.nu\/wp-content\/uploads\/2010\/07\/Frukostkoppen-3-juli-10-300x225.jpg 300w, http:\/\/www.filindeblogg.nu\/wp-content\/uploads\/2010\/07\/Frukostkoppen-3-juli-10-1024x768.jpg 1024w\" sizes=\"(max-width: 180px) 100vw, 180px\" \/><\/a><\/p>\n<p><a rel=\"attachment wp-att-11861\" href=\"http:\/\/www.filindeblogg.nu\/?attachment_id=11861\"><img loading=\"lazy\" class=\"alignnone size-medium wp-image-11861\" title=\"Morgonen randas\" src=\"http:\/\/www.filindeblogg.nu\/wp-content\/uploads\/2010\/07\/Morgonen-randas-300x225.jpg\" alt=\"\" width=\"180\" height=\"135\" srcset=\"http:\/\/www.filindeblogg.nu\/wp-content\/uploads\/2010\/07\/Morgonen-randas-300x225.jpg 300w, http:\/\/www.filindeblogg.nu\/wp-content\/uploads\/2010\/07\/Morgonen-randas-1024x768.jpg 1024w\" sizes=\"(max-width: 180px) 100vw, 180px\" \/><\/a> Ljuvligt lugnt och stilla. Funderar p\u00e5 allt som h\u00e4nder och allt som kan komma att h\u00e4nda.<br \/>\nT\u00e4nker f\u00f6rst och fr\u00e4mst p\u00e5 en mamma och en pappa som aldrig fick hem sin son ig\u00e5r kv\u00e4ll. Ist\u00e4llet fick dom det d\u00e4r telefonsamtalet som ingen f\u00f6r\u00e4lder vill ha&#8230;<\/p>\n<p>En olycka invid <strong>G\u00f6tlunda<\/strong>, n\u00e4ra <strong>Arboga.<\/strong> En bil g\u00f6r en U-sv\u00e4ng, en annan bil kommer i h\u00f6g hastighet &#8211; kollisionen \u00e4r ett faktum &#8211; en 21-\u00e5rig pojke d\u00f6r. S\u00e5 fruktansv\u00e4rt<a href=\"http:\/\/www.aftonbladet.se\/nyheter\/article7408459.ab\">.<\/a> S\u00e5 fasansfullt att t\u00e4nka sig att beh\u00f6va byta ut ljuvlig, ledig sommartid mot att g\u00e5 p\u00e5 sitt barns begravning. En sm\u00e4rta, ett avgrundsdjup man bara kan ana n\u00e5got lite av<a href=\"http:\/\/www.expressen.se\/Nyheter\/1.2050188\/allvarlig-trafikolycka-utanfor-arboga\">.<\/a><br \/>\nSen att se bilderna fr\u00e5n olyckan som spottas ut av kv\u00e4llspressen. F\u00f6rvridna bildelar av ett fordon som till synes \u00e4r totalkvaddad. Hemska beskrivningar d\u00e4r man bara kan ana vad som skedde, f\u00f6rest\u00e4lla sig lite vad den sista f\u00e4rden kan ha inneburit f\u00f6r den unge pojken. Bilder och text ingen mamma och pappa vill ta del av<a href=\"http:\/\/www.svd.se\/nyheter\/inrikes\/man-omkom-i-bilolycka_4944393.svd\">.<\/a><\/p>\n<p>En annan som ocks\u00e5\u00a0 f\u00e5tt k\u00e4nna p\u00e5 den ohyggliga sm\u00e4rtan av d\u00f6d \u00e4r <strong>Emma Jangestig<\/strong>. Emmas bok kommer ut senare i \u00e5r och heter <strong><em>&#8221;Varf\u00f6r gr\u00e5ter inte Emma?&#8221;<\/em><\/strong> <a rel=\"attachment wp-att-11862\" href=\"http:\/\/www.filindeblogg.nu\/?attachment_id=11862\"><img loading=\"lazy\" class=\"alignnone size-full wp-image-11862\" title=\"Varf\u00f6r gr\u00e5ter inte Emma\" src=\"http:\/\/www.filindeblogg.nu\/wp-content\/uploads\/2010\/07\/Varf\u00f6r-gr\u00e5ter-inte-Emma.jpg\" alt=\"\" width=\"119\" height=\"200\" \/><\/a> Boken ges ut p\u00e5 <strong>Forum f\u00f6rlag <\/strong>och om du klickar<a href=\"http:\/\/www.forum.se\/Bocker\/Bokpresentationssida\/?isbn=9789137136059\"><strong> H\u00c4R<\/strong><\/a> kommer du dit!<\/p>\n<p style=\"text-align: left;\">Livet ger b\u00e5de sorg och lycka. N\u00e4r n\u00e5got fruktansv\u00e4rt h\u00e4nder i ens n\u00e4rhet blir man s\u00e5 r\u00e4dd om det man har. S\u00e5 r\u00e4dd om sina n\u00e4ra och k\u00e4ra. Vill h\u00e5lla h\u00e5rt, krama l\u00e4nge<a href=\"http:\/\/www.dn.se\/nyheter\/sverige\/man-omkom-i-bilolycka-1.1132396\">. <\/a><a rel=\"attachment wp-att-11863\" href=\"http:\/\/www.filindeblogg.nu\/?attachment_id=11863\"><img loading=\"lazy\" class=\"size-full wp-image-11863 aligncenter\" title=\"HUGS_001\" src=\"http:\/\/www.filindeblogg.nu\/wp-content\/uploads\/2010\/07\/HUGS_001.jpg\" alt=\"\" width=\"168\" height=\"168\" srcset=\"http:\/\/www.filindeblogg.nu\/wp-content\/uploads\/2010\/07\/HUGS_001.jpg 300w, http:\/\/www.filindeblogg.nu\/wp-content\/uploads\/2010\/07\/HUGS_001-150x150.jpg 150w\" sizes=\"(max-width: 168px) 100vw, 168px\" \/><\/a><\/p>\n<p>Livet g\u00e5r vidare. Idag \u00e4r det<strong> Arboga Meet <\/strong>&#8211; en \u00e5rligen \u00e5terkommande fest d\u00e4r otroligt fina gamla j\u00e4nkare visas i <strong>Arboga!<\/strong> Arrang\u00f6r \u00e4r<strong> Sleepy Town Cruisers<\/strong> och du kommer till deras hemsida genom att klicka<a href=\"http:\/\/www.sleepytowncruisers.se\/\"><strong> H\u00c4R! <\/strong><\/a>D\u00e4r kan du se dagens program som b\u00f6rjar med utst\u00e4llning av bilarna klockan 10, f\u00f6ljt av cruisingen fr\u00e5n klockan 16. Hela l\u00f6rdagen \u00e4r det fest och fart i Arboga! H\u00e4r en av de bilar som deltar &#8211; \u00e4gd av min v\u00e4n <strong>Kajsa<\/strong>: <a rel=\"attachment wp-att-11864\" href=\"http:\/\/www.filindeblogg.nu\/?attachment_id=11864\"><img loading=\"lazy\" class=\"alignnone size-full wp-image-11864\" title=\"29898_401982624511_739574511_4070493_5866358_s\" src=\"http:\/\/www.filindeblogg.nu\/wp-content\/uploads\/2010\/07\/29898_401982624511_739574511_4070493_5866358_s.jpg\" alt=\"\" width=\"153\" height=\"115\" \/><\/a><\/p>\n<p>Avslutar bloggen med n\u00e5got utomordenligt f\u00e5nigt som jag hittade i en gratistidning man fick p\u00e5 <strong>Viking Cinderella<\/strong>, <em>&#8221;Scandinavian World&#8221;<\/em>. Lockad av en t\u00e4vling om en parfym b\u00f6rjade jag l\u00e4sa om parfymen i fr\u00e5ga&#8230; <a rel=\"attachment wp-att-11865\" href=\"http:\/\/www.filindeblogg.nu\/?attachment_id=11865\"><img loading=\"lazy\" class=\"alignnone size-medium wp-image-11865\" title=\"Dum parfym\" src=\"http:\/\/www.filindeblogg.nu\/wp-content\/uploads\/2010\/07\/Dum-parfym-225x300.jpg\" alt=\"\" width=\"135\" height=\"180\" srcset=\"http:\/\/www.filindeblogg.nu\/wp-content\/uploads\/2010\/07\/Dum-parfym-225x300.jpg 225w, http:\/\/www.filindeblogg.nu\/wp-content\/uploads\/2010\/07\/Dum-parfym-768x1024.jpg 768w\" sizes=\"(max-width: 135px) 100vw, 135px\" \/><\/a> Parfymen heter <strong>Classique X <\/strong>och beskrivs som <em>&#8221;sensuell och modig p\u00e5 samma g\u00e5ng&#8221;<\/em>. S\u00e5 h\u00e4r kan man l\u00e4sa om<strong> Jean Paul Gaultiers<\/strong> nya sommardoft: <em>&#8221;Classique kvinnan spelar det mystiska X-kortet, X \u00e4r en hemlig identitet, lust utan gr\u00e4nser.&#8221;<\/em> Och vidare: <em>&#8221;Classique X-kvinnan lovar sensualitet och lekar med elegans och finess. Hon bek\u00e4nner sina behag utan falsk undergivenhet.&#8221;<\/em> En parfym f\u00f6r en hora\/madonna allts\u00e5! <a rel=\"attachment wp-att-11866\" href=\"http:\/\/www.filindeblogg.nu\/?attachment_id=11866\"><img loading=\"lazy\" class=\"alignnone size-medium wp-image-11866\" title=\"Classique X\" src=\"http:\/\/www.filindeblogg.nu\/wp-content\/uploads\/2010\/07\/Classique-X-300x225.jpg\" alt=\"\" width=\"180\" height=\"135\" srcset=\"http:\/\/www.filindeblogg.nu\/wp-content\/uploads\/2010\/07\/Classique-X-300x225.jpg 300w, http:\/\/www.filindeblogg.nu\/wp-content\/uploads\/2010\/07\/Classique-X-1024x768.jpg 1024w\" sizes=\"(max-width: 180px) 100vw, 180px\" \/><\/a><br \/>\nJag beh\u00f6ver inte k\u00e4nna doften p\u00e5 parfymen &#8211; jag storknade bara av texten &#8211; och kommer inte alls att t\u00e4vla om en flaska Classique X!<\/p>\n<p>F\u00f6r mig r\u00e4cker doften av smultron! <a rel=\"attachment wp-att-11867\" href=\"http:\/\/www.filindeblogg.nu\/?attachment_id=11867\"><img loading=\"lazy\" class=\"alignnone size-medium wp-image-11867\" title=\"Fem smultron\" src=\"http:\/\/www.filindeblogg.nu\/wp-content\/uploads\/2010\/07\/Fem-smultron-300x225.jpg\" alt=\"\" width=\"180\" height=\"135\" srcset=\"http:\/\/www.filindeblogg.nu\/wp-content\/uploads\/2010\/07\/Fem-smultron-300x225.jpg 300w, http:\/\/www.filindeblogg.nu\/wp-content\/uploads\/2010\/07\/Fem-smultron-1024x768.jpg 1024w\" sizes=\"(max-width: 180px) 100vw, 180px\" \/><\/a> Ihop med sommarens alla blommor.<\/p>\n<p>Ha en sk\u00f6n l\u00f6rdag! Var r\u00e4dda om varandra! Ta ingenting f\u00f6r givet &#8211; allt kan \u00e4ndras p\u00e5 ett \u00f6gonblick.<\/p>\n<p style=\"text-align: center;\"><a rel=\"attachment wp-att-11868\" href=\"http:\/\/www.filindeblogg.nu\/?attachment_id=11868\"><img loading=\"lazy\" class=\"aligncenter size-medium wp-image-11868\" title=\"Rosa spirea\" src=\"http:\/\/www.filindeblogg.nu\/wp-content\/uploads\/2010\/07\/Rosa-spirea-300x225.jpg\" alt=\"\" width=\"270\" height=\"203\" srcset=\"http:\/\/www.filindeblogg.nu\/wp-content\/uploads\/2010\/07\/Rosa-spirea-300x225.jpg 300w, http:\/\/www.filindeblogg.nu\/wp-content\/uploads\/2010\/07\/Rosa-spirea-1024x768.jpg 1024w\" sizes=\"(max-width: 270px) 100vw, 270px\" \/><\/a><\/p>\n","protected":false},"excerpt":{"rendered":"<p>L\u00f6rdag 3 juli denna underbara sommar 2010. En morgon full av f\u00f6rv\u00e4ntningar men ocks\u00e5 en morgon med ett stilla lugn, innan allt drar ig\u00e5ng. En morgon att inta frukostkoppen p\u00e5 trappan. Lagom varmt innan termometern rusat bra mycket \u00f6ver 20-strecket och solen st\u00e5r h\u00f6gt p\u00e5 himlen. Bara jag och katterna. Ljuvligt lugnt och stilla. Funderar [&hellip;]<\/p>\n","protected":false},"author":1,"featured_media":0,"comment_status":"open","ping_status":"open","sticky":false,"template":"","format":"standard","meta":[],"categories":[102,100,101],"tags":[],"_links":{"self":[{"href":"http:\/\/www.filindeblogg.nu\/index.php?rest_route=\/wp\/v2\/posts\/11857"}],"collection":[{"href":"http:\/\/www.filindeblogg.nu\/index.php?rest_route=\/wp\/v2\/posts"}],"about":[{"href":"http:\/\/www.filindeblogg.nu\/index.php?rest_route=\/wp\/v2\/types\/post"}],"author":[{"embeddable":true,"href":"http:\/\/www.filindeblogg.nu\/index.php?rest_route=\/wp\/v2\/users\/1"}],"replies":[{"embeddable":true,"href":"http:\/\/www.filindeblogg.nu\/index.php?rest_route=%2Fwp%2Fv2%2Fcomments&post=11857"}],"version-history":[{"count":6,"href":"http:\/\/www.filindeblogg.nu\/index.php?rest_route=\/wp\/v2\/posts\/11857\/revisions"}],"predecessor-version":[{"id":11874,"href":"http:\/\/www.filindeblogg.nu\/index.php?rest_route=\/wp\/v2\/posts\/11857\/revisions\/11874"}],"wp:attachment":[{"href":"http:\/\/www.filindeblogg.nu\/index.php?rest_route=%2Fwp%2Fv2%2Fmedia&parent=11857"}],"wp:term":[{"taxonomy":"category","embeddable":true,"href":"http:\/\/www.filindeblogg.nu\/index.php?rest_route=%2Fwp%2Fv2%2Fcategories&post=11857"},{"taxonomy":"post_tag","embeddable":true,"href":"http:\/\/www.filindeblogg.nu\/index.php?rest_route=%2Fwp%2Fv2%2Ftags&post=11857"}],"curies":[{"name":"wp","href":"https:\/\/api.w.org\/{rel}","templated":true}]}}