{"id":11434,"date":"2010-06-13T12:32:52","date_gmt":"2010-06-13T11:32:52","guid":{"rendered":"http:\/\/www.filindeblogg.nu\/?p=11434"},"modified":"2010-06-13T12:32:52","modified_gmt":"2010-06-13T11:32:52","slug":"dn-regeringen-och-autismen","status":"publish","type":"post","link":"http:\/\/www.filindeblogg.nu\/?p=11434","title":{"rendered":"DN, regeringen och Autismen"},"content":{"rendered":"<p>I dagens <strong>DN<\/strong>, s\u00f6ndag 13 juni, finns en artikel p\u00e5 vetenskapssidan som handlar om <strong>Autism<\/strong>. <a rel=\"attachment wp-att-11435\" href=\"http:\/\/www.filindeblogg.nu\/?attachment_id=11435\"><img loading=\"lazy\" class=\"alignnone size-medium wp-image-11435\" title=\"Nya sp\u00e5r Autism 2\" src=\"http:\/\/www.filindeblogg.nu\/wp-content\/uploads\/2010\/06\/Nya-sp\u00e5r-Autism-2-300x225.jpg\" alt=\"\" width=\"180\" height=\"135\" srcset=\"http:\/\/www.filindeblogg.nu\/wp-content\/uploads\/2010\/06\/Nya-sp\u00e5r-Autism-2-300x225.jpg 300w, http:\/\/www.filindeblogg.nu\/wp-content\/uploads\/2010\/06\/Nya-sp\u00e5r-Autism-2-1024x768.jpg 1024w\" sizes=\"(max-width: 180px) 100vw, 180px\" \/><\/a> <strong>Karin Bojs <\/strong>skriver om <em>&#8221;v\u00e4rldens hittills st\u00f6rsta DNA-studie&#8221; <\/em>som flera hundra forskare fr\u00e5n ett sextiotal institut runt om i v\u00e4rlden varit inblandade i<a href=\"http:\/\/www.svd.se\/nyheter\/inrikes\/skolan-i-fokus-for-mp_4779179.svd\">. <\/a>Det handlar om<em><strong> &#8221;Autism Genome project&#8221;<\/strong><\/em> och<strong> Christopher Gillberg <\/strong>har deltagit fr\u00e5n Sverige. Autismens g\u00e5ta har kommit ett litet stycke n\u00e4rmare sin l\u00f6sning, skriver Karin Bojs. <a rel=\"attachment wp-att-11436\" href=\"http:\/\/www.filindeblogg.nu\/?attachment_id=11436\"><img loading=\"lazy\" class=\"alignnone size-medium wp-image-11436\" title=\"DN om Nya sp\u00e5r Autism\" src=\"http:\/\/www.filindeblogg.nu\/wp-content\/uploads\/2010\/06\/DN-om-Nya-sp\u00e5r-Autism-225x300.jpg\" alt=\"\" width=\"135\" height=\"180\" srcset=\"http:\/\/www.filindeblogg.nu\/wp-content\/uploads\/2010\/06\/DN-om-Nya-sp\u00e5r-Autism-225x300.jpg 225w, http:\/\/www.filindeblogg.nu\/wp-content\/uploads\/2010\/06\/DN-om-Nya-sp\u00e5r-Autism-768x1024.jpg 768w\" sizes=\"(max-width: 135px) 100vw, 135px\" \/><\/a> Klicka <a href=\"http:\/\/www.dn.se\/nyheter\/vetenskap\/nya-autismgener-upptackta-1.1119215\"><strong>H\u00c4R<\/strong><\/a> f\u00f6r att komma till artikeln.<\/p>\n<p>Artikeln \u00e4r intressant av flera anledningar<a href=\"http:\/\/gt.expressen.se\/nyheter\/1.2022917\/yasmine-mobbades-skolan-nekade-hjalp\">.<\/a> Dels \u00e4r jag en h\u00e4ngiven anh\u00e4ngare av Christopher Gillberg och hans deltagande i projektet borgar f\u00f6r seriositet<a href=\"http:\/\/www.aftonbladet.se\/nyheter\/valet2010\/article7290096.ab\">.<\/a> Dels studsar jag p\u00e5 en del av vad Karin Bojs skriver.<\/p>\n<p><a rel=\"attachment wp-att-11437\" href=\"http:\/\/www.filindeblogg.nu\/?attachment_id=11437\"><img loading=\"lazy\" class=\"alignnone size-medium wp-image-11437\" title=\"Nya sp\u00e5r 3\" src=\"http:\/\/www.filindeblogg.nu\/wp-content\/uploads\/2010\/06\/Nya-sp\u00e5r-3-300x225.jpg\" alt=\"\" width=\"300\" height=\"225\" srcset=\"http:\/\/www.filindeblogg.nu\/wp-content\/uploads\/2010\/06\/Nya-sp\u00e5r-3-300x225.jpg 300w, http:\/\/www.filindeblogg.nu\/wp-content\/uploads\/2010\/06\/Nya-sp\u00e5r-3-1024x768.jpg 1024w\" sizes=\"(max-width: 300px) 100vw, 300px\" \/><\/a> Bl.a. beskrivs hur autism har starka \u00e4rftliga inslag men lite l\u00e4ngre ner i texten talas det om skador f\u00f6rv\u00e4rvade p\u00e5 \u00e4gget hos mamman eller spermien hos pappa. N\u00e5got som skulle vara till f\u00f6ljd av milj\u00f6faktorer (giftiga \u00e4mnen) eller brist p\u00e5 solljus och D-vitamin. Citat: <em>&#8221;Ibland hade de \u00e4rvt f\u00f6r\u00e4ndringarna av sina f\u00f6r\u00e4ldrar. <strong>Men ofta <\/strong>s\u00e5gs f\u00f6r\u00e4ndringen bara hos det autistiska barnet&#8221;.<\/em><\/p>\n<p>Ytterligare citat: <em>&#8221;Idag f\u00e5r n\u00e4stan ett barn p\u00e5 hundra diagnosen autismspektrumst\u00f6rning &#8211; m\u00e5nga fler \u00e4n f\u00f6r n\u00e5gra \u00e5r sedan. Men det \u00e4r oklart om tillst\u00e5ndet verkligen har \u00f6kat eller om det bara \u00e4r diagnoserna som har blivit b\u00e4ttre.&#8221;<\/em><\/p>\n<p>F\u00f6rst sl\u00e5s fast att autismliknande tillst\u00e5nd \u00e4r starkt \u00e4rftligt. Sen talas det om barn som \u00e4r ensamma om sitt tillst\u00e5nd, d v s f\u00f6r\u00e4ldrarna har det inte.<br \/>\nDet st\u00e5r i artikeln att studierna i projektet gjorts fr\u00e5n DNA p\u00e5 tusentals barn med autism &#8211; allts\u00e5 barnen, inte deras f\u00f6r\u00e4ldrar. Man m\u00e5ste s\u00e4tta &#8221;problemet&#8221; i sitt r\u00e4tta sammanhang. Diagnoser kr\u00e4vs idag f\u00f6r &#8221;de st\u00f6kiga barnen&#8221; som inte platsar i nutidens skolor med stora klasser och utan den auktorit\u00e4ra ledare som l\u00e4raren var f\u00f6rr. Barn som f\u00f6rr klarade sig bra faller nu offer f\u00f6r de stigande kraven som l\u00e4ngre skolg\u00e5ng, flexibelt t\u00e4nkande, sj\u00e4lvst\u00e4ndigt arbete, alltf\u00f6r stora, st\u00f6rande skolklasser m.m. inneb\u00e4r.<\/p>\n<p>Min egen teori \u00e4r att Autism och autismliknande tillst\u00e5nd alltid har funnits. Det finns m\u00e5nga ber\u00f6mda personer med dessa &#8221;tillst\u00e5nd&#8221; och en \u00e4r t.ex. Albert Einstein. Johan Sta\u00ebl von Holstein \u00e4r en driven f\u00f6retagsledare i nutid med ADHD. &#8221;Problemet&#8221; \u00e4r inte nytt och har heller inte \u00f6kat. Bekymret \u00e4r omv\u00e4rlden, stressen, det h\u00e5rdare samh\u00e4llsklimatet.<\/p>\n<p>Sen b\u00f6r ansedda reportrar vara f\u00f6rsiktiga med vad de skriver, anser jag. Karin Bojs skriver med anledning av att mediciner som hj\u00e4lp f\u00f6r m\u00e4nniskor med Autism kan komma att dr\u00f6ja, citat: <em>&#8221;D\u00e5 m\u00e5ste man veta mycket mer exakt vad i hj\u00e4rnan som har <strong>g\u00e5tt snett.<\/strong>&#8221;<\/em><\/p>\n<p><strong>Ingenting har g\u00e5tt snett i en hj\u00e4rna med Autism! <\/strong>Det som har g\u00e5tt snett \u00e4r hur andra tolkar och uppfattar de h\u00e4r personerna. Och p\u00e5 vilket s\u00e4tt vi f\u00f6rh\u00e5ller oss och accepterar men framf\u00f6r allt &#8211; tar till vara de h\u00e4r m\u00e4nniskornas s\u00e4tt att t\u00e4nka och vara. De \u00e4r n\u00e4mligen stora tillg\u00e5ngar och det \u00e4r ansvarsl\u00f6st, inhumant och tr\u00e5ngsynt obeg\u00e5vat att inte tillvarata deras resurser!<\/p>\n<p style=\"text-align: center;\">Ett par sidor efter vetenskapsreportaget i DN finns f\u00f6ljande artikel: <a rel=\"attachment wp-att-11438\" href=\"http:\/\/www.filindeblogg.nu\/?attachment_id=11438\"><img loading=\"lazy\" class=\"aligncenter size-medium wp-image-11438\" title=\"Autisktiska elever far illa i skolan\" src=\"http:\/\/www.filindeblogg.nu\/wp-content\/uploads\/2010\/06\/Autisktiska-elever-far-illa-i-skolan-300x225.jpg\" alt=\"\" width=\"300\" height=\"225\" srcset=\"http:\/\/www.filindeblogg.nu\/wp-content\/uploads\/2010\/06\/Autisktiska-elever-far-illa-i-skolan-300x225.jpg 300w, http:\/\/www.filindeblogg.nu\/wp-content\/uploads\/2010\/06\/Autisktiska-elever-far-illa-i-skolan-1024x768.jpg 1024w\" sizes=\"(max-width: 300px) 100vw, 300px\" \/><\/a><\/p>\n<p style=\"text-align: center;\">En b\u00e4ttre slutkommentar p\u00e5 Karin Bojs artikel kan jag inte t\u00e4nka mig.<\/p>\n<p style=\"text-align: left;\">Tyv\u00e4rr ligger artikeln inte ute p\u00e5 n\u00e4tet men jag citerar en del av den: <strong><em>&#8221;Hela 6 av 10 elever med Aspergers syndrom \u00e4r borta fr\u00e5n skolan under kortare eller l\u00e4ngre perioder p\u00e5 grund av brister och problem i skolan. Och skolorna saknar ofta kompetens att ta hand om elevernas behov, visar en ny unders\u00f6kning&#8221;<\/em><\/strong>.<\/p>\n<p style=\"text-align: left;\">&#8230;<strong> &#8221;<em>-Vi trodde att det var illa, men inte s\u00e5 h\u00e4r illa. Det \u00e4r f\u00f6rf\u00e4rligt hur dessa barn och f\u00f6r\u00e4ldrar far illa och jag f\u00f6rv\u00e4ntar mig en reaktion fr\u00e5n skolministern. Han talar ofta om ogiltig fr\u00e5nvaro, men i m\u00e5nga fall finns det ett dolt funktionshinder bakom, s\u00e4ger Eva Nordin-Olson, f\u00f6rbundsordf\u00f6rande i Autism- och Aspergersf\u00f6rbundet.&#8221; <\/em><\/strong><\/p>\n<p style=\"text-align: left;\">Att <strong>skolminister Jan Bj\u00f6rklund <\/strong>skulle idas kommentera artikeln skulle f\u00f6rv\u00e5na mig. Jag och en f\u00f6r\u00e4ldragrupp fr\u00e5n <strong>\u00d6rebro<\/strong> har v\u00e4ntat p\u00e5 svar fr\u00e5n Bj\u00f6rklund sedan 2007! Han har inte h\u00f6rt av sig \u00e4n&#8230;<\/p>\n","protected":false},"excerpt":{"rendered":"<p>I dagens DN, s\u00f6ndag 13 juni, finns en artikel p\u00e5 vetenskapssidan som handlar om Autism. Karin Bojs skriver om &#8221;v\u00e4rldens hittills st\u00f6rsta DNA-studie&#8221; som flera hundra forskare fr\u00e5n ett sextiotal institut runt om i v\u00e4rlden varit inblandade i. Det handlar om &#8221;Autism Genome project&#8221; och Christopher Gillberg har deltagit fr\u00e5n Sverige. Autismens g\u00e5ta har kommit [&hellip;]<\/p>\n","protected":false},"author":1,"featured_media":0,"comment_status":"open","ping_status":"open","sticky":false,"template":"","format":"standard","meta":[],"categories":[107,100,110,101],"tags":[],"_links":{"self":[{"href":"http:\/\/www.filindeblogg.nu\/index.php?rest_route=\/wp\/v2\/posts\/11434"}],"collection":[{"href":"http:\/\/www.filindeblogg.nu\/index.php?rest_route=\/wp\/v2\/posts"}],"about":[{"href":"http:\/\/www.filindeblogg.nu\/index.php?rest_route=\/wp\/v2\/types\/post"}],"author":[{"embeddable":true,"href":"http:\/\/www.filindeblogg.nu\/index.php?rest_route=\/wp\/v2\/users\/1"}],"replies":[{"embeddable":true,"href":"http:\/\/www.filindeblogg.nu\/index.php?rest_route=%2Fwp%2Fv2%2Fcomments&post=11434"}],"version-history":[{"count":10,"href":"http:\/\/www.filindeblogg.nu\/index.php?rest_route=\/wp\/v2\/posts\/11434\/revisions"}],"predecessor-version":[{"id":11448,"href":"http:\/\/www.filindeblogg.nu\/index.php?rest_route=\/wp\/v2\/posts\/11434\/revisions\/11448"}],"wp:attachment":[{"href":"http:\/\/www.filindeblogg.nu\/index.php?rest_route=%2Fwp%2Fv2%2Fmedia&parent=11434"}],"wp:term":[{"taxonomy":"category","embeddable":true,"href":"http:\/\/www.filindeblogg.nu\/index.php?rest_route=%2Fwp%2Fv2%2Fcategories&post=11434"},{"taxonomy":"post_tag","embeddable":true,"href":"http:\/\/www.filindeblogg.nu\/index.php?rest_route=%2Fwp%2Fv2%2Ftags&post=11434"}],"curies":[{"name":"wp","href":"https:\/\/api.w.org\/{rel}","templated":true}]}}