{"id":11326,"date":"2010-06-08T06:33:06","date_gmt":"2010-06-08T05:33:06","guid":{"rendered":"http:\/\/www.filindeblogg.nu\/?p=11326"},"modified":"2010-06-08T06:38:33","modified_gmt":"2010-06-08T05:38:33","slug":"regeringen-diskriminerar-skolbarn","status":"publish","type":"post","link":"http:\/\/www.filindeblogg.nu\/?p=11326","title":{"rendered":"Regeringen diskriminerar skolelever!"},"content":{"rendered":"<p><a rel=\"attachment wp-att-11327\" href=\"http:\/\/www.filindeblogg.nu\/?attachment_id=11327\"><img loading=\"lazy\" class=\"alignnone size-medium wp-image-11327\" title=\"Attention Tidningen nr 3 bild 1\" src=\"http:\/\/www.filindeblogg.nu\/wp-content\/uploads\/2010\/06\/Attention-Tidningen-nr-3-bild-1-225x300.jpg\" alt=\"\" width=\"135\" height=\"180\" srcset=\"http:\/\/www.filindeblogg.nu\/wp-content\/uploads\/2010\/06\/Attention-Tidningen-nr-3-bild-1-225x300.jpg 225w, http:\/\/www.filindeblogg.nu\/wp-content\/uploads\/2010\/06\/Attention-Tidningen-nr-3-bild-1-768x1024.jpg 768w\" sizes=\"(max-width: 135px) 100vw, 135px\" \/><\/a> <strong>Attention <\/strong>\u00e4r en intresseorganisation f\u00f6r barn<a href=\"http:\/\/www.dn.se\/nyheter\/valet2010\/s-kraver-hardare-tag-mot-ungdomsarbetslosheten-1.1117779\">,<\/a> ungdomar och vuxna med <strong>ADHD, Aspergers och Tourettes syndrom<\/strong> samt deras anh\u00f6riga<a href=\"http:\/\/www.svd.se\/nyheter\/inrikes\/statistik-doljer-betygsskillnader_4833971.svd\">. <\/a>I det senaste numret av Attentions tidning\u00a0 tar man det upp det skr\u00e4mmande faktum att regeringen \u00e4r totalt ointresserad av den h\u00e4r kategorien barn och ungdomar i skolan!<\/p>\n<p>Jag citerar tidningen: <em>&#8221;V\u00e5r nuvarande regering har varit mycket aktiv n\u00e4r det g\u00e4ller att f\u00f6r\u00e4ndra skolan. Honn\u00f6rsorden har varit ordning och reda, kunskapskrav, tidigare betyg och b\u00e4ttre uppf\u00f6ljning. D\u00e4remot har det varit s\u00e5 gott som helt tyst om skolan som arbetsmilj\u00f6, om mobbing och trakasserier och om elever som l\u00e4mnar skolan i f\u00f6rtid.<br \/>\n<strong>Det \u00e4r anm\u00e4rkningsv\u00e4rt hur lite intresse utbildningsminister Jan Bj\u00f6rklund visar de 10 procent av eleverna som, p\u00e5 grund av inl\u00e4rningsavvikelser, inte klarar att g\u00e5 ut grundskolan.&#8221; <a rel=\"attachment wp-att-11328\" href=\"http:\/\/www.filindeblogg.nu\/?attachment_id=11328\"><img loading=\"lazy\" class=\"alignnone size-medium wp-image-11328\" title=\"Att Tidn nr 3 Bild 2\" src=\"http:\/\/www.filindeblogg.nu\/wp-content\/uploads\/2010\/06\/Att-Tidn-nr-3-Bild-2-300x225.jpg\" alt=\"\" width=\"180\" height=\"135\" srcset=\"http:\/\/www.filindeblogg.nu\/wp-content\/uploads\/2010\/06\/Att-Tidn-nr-3-Bild-2-300x225.jpg 300w, http:\/\/www.filindeblogg.nu\/wp-content\/uploads\/2010\/06\/Att-Tidn-nr-3-Bild-2-1024x768.jpg 1024w\" sizes=\"(max-width: 180px) 100vw, 180px\" \/><\/a><\/strong><\/em><\/p>\n<p><strong>DN <\/strong>publicerade h\u00f6sten 2009 en rad artiklar som visade p\u00e5 missf\u00f6rh\u00e5llanden f\u00f6r elever med neuropsykiatrisk problematik. Bl.a. uppm\u00e4rksammades skolor i <strong>Stockholm <\/strong>d\u00e4r en pott p\u00e5 60 miljoner kronor som skapats av utbildningsf\u00f6rvaltningen f\u00f6r elever med behov av s\u00e4rskilt st\u00f6d &#8211;\u00a0inte g\u00e4llde elever med ADHD, Aspergers syndrom, OCD och Autism! Helt klart diskriminering av funktionshinder! Klicka <a href=\"http:\/\/www.dn.se\/sthlm\/skolans-ersattningssystem-drabbar-utsatta-elever-1.963927\"><strong>H\u00c4R<\/strong><\/a> f\u00f6r att komma till DN:s serie om &#8221;Utsatta elever i Stockholms skolor&#8221;<a href=\"http:\/\/www.dn.se\/nyheter\/sverige\/storst-betygsgap-bland-utlandsfodda-1.1118095\">.<\/a><\/p>\n<p>Riksf\u00f6rbundet Attention anm\u00e4lde Stockholms stad f\u00f6r diskriminering men v\u00e4ldigt lite h\u00e4nder. Besked dr\u00f6jer och skolborgarr\u00e5dets intresse verkar falna.<\/p>\n<p>Jag sj\u00e4lv kan skriva under p\u00e5 <strong>Jan Bj\u00f6rklunds totala ointresse <\/strong>av de h\u00e4r eleverna! F\u00f6r ett par \u00e5r sedan gick ett antal f\u00f6r\u00e4ldrar ihop om en anm\u00e4lan mot en skola i <strong>\u00d6rebro <\/strong>som grovt \u00e5sidosatt sina \u00e5taganden mot just denna grupp elever. Intresset fr\u00e5n<strong> Skolverket <\/strong>var i det n\u00e4rmaste ljumt och kan m\u00f6jligen h\u00e4rledas till att Skolverket endast \u00e4r en papperstiger som m\u00f6jligen kan fr\u00e4sa lite men knappast g\u00f6ra n\u00e5gon f\u00f6r\u00e4ndring<a href=\"http:\/\/www.aftonbladet.se\/nyheter\/article7260755.ab\">.<\/a> Skolans ledning slog ifr\u00e5n sig helt,\u00a0 m\u00f6rkade och ignorerade f\u00f6r\u00e4ldragruppen. Till\u00e4ggas kan att anm\u00e4lan g\u00e4llde just en grundskola men ocks\u00e5 en skola som s\u00e4rskilt inriktade sig p\u00e5 elever med neuropsykiatriska sv\u00e5righeter<a href=\"http:\/\/www.aftonbladet.se\/nyheter\/valet2010\/article7260477.ab\">.<\/a><br \/>\nI samband med v\u00e5r anm\u00e4lan tog vi kontakt med utbildningsminister Jan Bj\u00f6rklund. Vi bad att f\u00e5 tr\u00e4ffa honom f\u00f6r att tala om just utsattheten hos elever med ADHD, Aspergers syndrom och Tourette. Han var inte intresserad! Vi erbj\u00f6d oss att komma vilken tid p\u00e5 dygnet som helst och till vilken plats i Sverige han \u00e4n befann sig &#8211; bara han tog emot oss en stund<a href=\"http:\/\/www.expressen.se\/Nyheter\/1.2016175\/storst-betygsgap-bland-utlandsfodda\">.<\/a> Det blev kalla handen!<\/p>\n<p><strong>Att fullst\u00e4ndigt ignorera sitt uppdrag tyder p\u00e5 klara brister hos utbildningsministern. Jan Bj\u00f6rklund har inte ett jobb vilket som helst. Han \u00e4r vald i en demokrati att f\u00f6ra v\u00e4ljarnas \u00e5sikter vidare. Han ska lyssna till medborgarna och ligga l\u00e4ngst fram vad g\u00e4ller kunskaper inom sitt omr\u00e5det. Att nonchalera m\u00e4nniskor som har saker att ber\u00e4tta visar en ignorans som kan kosta honom jobbet! <\/strong><\/p>\n<p><em>&#8221;Honn\u00f6rsorden&#8221;<\/em> som n\u00e4mns ovan,<em> &#8221;ordning och reda, kunskapskrav, tidigare betyg  och b\u00e4ttre uppf\u00f6ljning&#8221;<\/em> blir oerh\u00f6rt skr\u00e4mmande f\u00f6r elever med neuropsykiatrisk problematik och deras anh\u00f6riga &#8211; om man kopplar samman dem med utbildningsministerns ointresse och okunskap!<em> &#8221;Ordning och reda&#8221;<\/em> \u00e4r s\u00e5dan som de h\u00e4r eleverna ofta f\u00e5r sk\u00e4llning f\u00f6r! De anses st\u00f6kiga och br\u00e5kiga, kan inte h\u00e5lla ordning p\u00e5 saker och ting. <em>&#8221;Krav p\u00e5 kunskap och tidigare betyg&#8221;<\/em> missgynnar de h\u00e4r eleverna \u00e4nnu mer n\u00e4r de sl\u00e5s ut redan i f\u00f6rsta klass. Hur kan man uppvisa tillr\u00e4ckliga kunskaper n\u00e4r grunden inte finns f\u00f6r de h\u00e4r eleverna att till\u00e4gna sig dessa? Att tidigarel\u00e4gga betyg blir ett h\u00e5n i sammanhanget!<\/p>\n<p>L\u00e4s Attentions senaste tidning, nr 3. Klicka<a href=\"http:\/\/www.attention-riks.se\/\"><strong> H\u00c4R<\/strong><\/a> f\u00f6r att komma till Attentions hemsida!<\/p>\n<p>Barn och ungdomar \u00e4r det viktigaste vi har. Det \u00e4r framtiden. Att fr\u00e5n regeringsh\u00e5ll till\u00e5ta utslagning av ett stort antal barn och ungdomar f\u00e5r vida konsekvenser inte bara f\u00f6r barnen sj\u00e4lva utan ocks\u00e5 f\u00f6r det svenska samh\u00e4llet. Det \u00e4r en skam att Sverige som kallar sig v\u00e4lf\u00e4rdsland till\u00e5ts diskriminera p\u00e5 detta s\u00e4tt!<\/p>\n<p><em> <\/em><\/p>\n","protected":false},"excerpt":{"rendered":"<p>Attention \u00e4r en intresseorganisation f\u00f6r barn, ungdomar och vuxna med ADHD, Aspergers och Tourettes syndrom samt deras anh\u00f6riga. I det senaste numret av Attentions tidning\u00a0 tar man det upp det skr\u00e4mmande faktum att regeringen \u00e4r totalt ointresserad av den h\u00e4r kategorien barn och ungdomar i skolan! Jag citerar tidningen: &#8221;V\u00e5r nuvarande regering har varit mycket [&hellip;]<\/p>\n","protected":false},"author":1,"featured_media":0,"comment_status":"open","ping_status":"open","sticky":false,"template":"","format":"standard","meta":[],"categories":[107,100,101],"tags":[],"_links":{"self":[{"href":"http:\/\/www.filindeblogg.nu\/index.php?rest_route=\/wp\/v2\/posts\/11326"}],"collection":[{"href":"http:\/\/www.filindeblogg.nu\/index.php?rest_route=\/wp\/v2\/posts"}],"about":[{"href":"http:\/\/www.filindeblogg.nu\/index.php?rest_route=\/wp\/v2\/types\/post"}],"author":[{"embeddable":true,"href":"http:\/\/www.filindeblogg.nu\/index.php?rest_route=\/wp\/v2\/users\/1"}],"replies":[{"embeddable":true,"href":"http:\/\/www.filindeblogg.nu\/index.php?rest_route=%2Fwp%2Fv2%2Fcomments&post=11326"}],"version-history":[{"count":13,"href":"http:\/\/www.filindeblogg.nu\/index.php?rest_route=\/wp\/v2\/posts\/11326\/revisions"}],"predecessor-version":[{"id":11341,"href":"http:\/\/www.filindeblogg.nu\/index.php?rest_route=\/wp\/v2\/posts\/11326\/revisions\/11341"}],"wp:attachment":[{"href":"http:\/\/www.filindeblogg.nu\/index.php?rest_route=%2Fwp%2Fv2%2Fmedia&parent=11326"}],"wp:term":[{"taxonomy":"category","embeddable":true,"href":"http:\/\/www.filindeblogg.nu\/index.php?rest_route=%2Fwp%2Fv2%2Fcategories&post=11326"},{"taxonomy":"post_tag","embeddable":true,"href":"http:\/\/www.filindeblogg.nu\/index.php?rest_route=%2Fwp%2Fv2%2Ftags&post=11326"}],"curies":[{"name":"wp","href":"https:\/\/api.w.org\/{rel}","templated":true}]}}