{"id":1058,"date":"2008-04-02T12:01:32","date_gmt":"2008-04-02T11:01:32","guid":{"rendered":"http:\/\/www.filindeblogg.nu\/?p=1058"},"modified":"2009-06-05T04:37:25","modified_gmt":"2009-06-05T03:37:25","slug":"javla-damp-unge","status":"publish","type":"post","link":"http:\/\/www.filindeblogg.nu\/?p=1058","title":{"rendered":"J\u00e4vla DAMP-unge!"},"content":{"rendered":"<p><a href=\"http:\/\/www.svd.se\/nyheter\/idagsidan\/artikel_1080479.svd\">&#8221;J\u00e4vla DAMP-unge&#8221; <\/a>&#8211; s\u00e5 l\u00e5ter sk\u00e4llsorden numera bland barn och ungdomar.<\/p>\n<p>Vet Du vad en j\u00e4vla DAMP-unge \u00e4r f\u00f6r n\u00e5got? Vet Du n\u00e5got om DAMP, ADHD, Aspergers syndrom och andra egenskaper inom <a href=\"http:\/\/www.dn.se\/DNet\/jsp\/polopoly.jsp?a=756940\">Autismspektrat <\/a>\u00f6ver huvud taget??<\/p>\n<p><span style=\"text-decoration: underline;\">S\u00e5 h\u00e4r kan det vara:<\/span><br \/>\n<strong>T\u00e4nk dig att du sitter i ett litet, litet rum med ett j\u00e4ttestort f\u00f6nster. Hela dagarna str\u00e5lar solen in fr\u00e5n en molnfri himmel.<br \/>\nMen eftersom du vet att solens str\u00e5lar bl\u00e4ndar och g\u00f6r dig varm, att det \u00e4r v\u00e4ldigt jobbigt att se solen hela tiden &#8211; s\u00e5 har du persienner f\u00f6r ditt stora f\u00f6nster. Med persiennerna kan du vicka fram precis r\u00e4tt ljusm\u00e4ngd f\u00f6r att du ska trivas.<br \/>\nOm du har Aspergers syndrom eller liknande egenskap inom Autismspektrat s\u00e5 har du inga persienner!<br \/>\nSolen lyser starkt in p\u00e5 dig precis hela dagen! D\u00e4r f\u00e5r du sitta och bli bl\u00e4ndad, irriterad, varm och tr\u00f6tt. N\u00e4r kv\u00e4llen kommer \u00e4r du helt slut och vill bara f\u00e5 sova.<br \/>\nDen som har persienner och den som saknar &#8211; har precis samma intelligens.<br \/>\nDet beror ju inte\u00a0 p\u00e5 persiennerna om du \u00e4r klyftig i skolan eller framg\u00e5ngsrik p\u00e5 jobbet!! Sj\u00e4lvklart inte!<br \/>\nMEN &#8211; de som inte har persienner m\u00e5ste f\u00e5 andra solskydd! En sk\u00e4rm som skyddar lite grann mot solen eller att n\u00e5gon hj\u00e4lper och skuggar lite.<br \/>\nD\u00e5 kan personen utan persienner jobba lika bra i skolan och fungera lika bra p\u00e5 jobbet som alla dom som har persienner!<\/strong><\/p>\n<p>Idag \u00e4r det f\u00f6rsta g\u00e5ngen som World Autism Day firas!<br \/>\nH\u00f6sten 2007 beslutade FN att den 2 april med b\u00f6rjan i \u00e5r, 2008, ska vara Internationella Autismdagen!<\/p>\n<p>Inga mer gl\u00e5pord om <a href=\"http:\/\/sydsvenskan.se\/sverige\/article313027.ece\">DAMP\/ADHD! <\/a><br \/>\nB\u00f6rja fr o m idag med att L\u00c4RA DIG MER om vad Autism inneb\u00e4r! Du kan klicka <a href=\"http:\/\/www.autism.se\/\">H\u00c4R <\/a>s\u00e5 kommer du till F\u00f6reningen Autism &#8211; eller <a href=\"http:\/\/www.attention-riks.se\/site\/\">H\u00c4R<\/a> s\u00e5 hamnar du hos Riksf\u00f6rbundet Attention &#8211; intresseorganisationen f\u00f6r m\u00e4nniskor med neuropsykiatriska funktionshinder.<\/p>\n<p><strong>Visste Du f\u00f6rresten att Albert Einstein hade Aspergers syndrom! <\/strong>Han skulle sannerligen inte ha stoppats in i en skrubb i skolans k\u00e4llare eller blivit nekad jobb p.g.a. sin egenskap! Men s\u00e5 g\u00f6r man med barn och ungdomar IDAG i SVERIGE!<\/p>\n<p><strong>WORLD AUTISM DAY &#8211; INTERNATIONELLA AUTISMDAGEN &#8211; 2 april 2008<\/strong><\/p>\n","protected":false},"excerpt":{"rendered":"<p>&#8221;J\u00e4vla DAMP-unge&#8221; &#8211; s\u00e5 l\u00e5ter sk\u00e4llsorden numera bland barn och ungdomar. Vet Du vad en j\u00e4vla DAMP-unge \u00e4r f\u00f6r n\u00e5got? Vet Du n\u00e5got om DAMP, ADHD, Aspergers syndrom och andra egenskaper inom Autismspektrat \u00f6ver huvud taget?? S\u00e5 h\u00e4r kan det vara: T\u00e4nk dig att du sitter i ett litet, litet rum med ett j\u00e4ttestort f\u00f6nster. [&hellip;]<\/p>\n","protected":false},"author":1,"featured_media":0,"comment_status":"open","ping_status":"open","sticky":false,"template":"","format":"standard","meta":[],"categories":[1,107],"tags":[],"_links":{"self":[{"href":"http:\/\/www.filindeblogg.nu\/index.php?rest_route=\/wp\/v2\/posts\/1058"}],"collection":[{"href":"http:\/\/www.filindeblogg.nu\/index.php?rest_route=\/wp\/v2\/posts"}],"about":[{"href":"http:\/\/www.filindeblogg.nu\/index.php?rest_route=\/wp\/v2\/types\/post"}],"author":[{"embeddable":true,"href":"http:\/\/www.filindeblogg.nu\/index.php?rest_route=\/wp\/v2\/users\/1"}],"replies":[{"embeddable":true,"href":"http:\/\/www.filindeblogg.nu\/index.php?rest_route=%2Fwp%2Fv2%2Fcomments&post=1058"}],"version-history":[{"count":1,"href":"http:\/\/www.filindeblogg.nu\/index.php?rest_route=\/wp\/v2\/posts\/1058\/revisions"}],"predecessor-version":[{"id":6084,"href":"http:\/\/www.filindeblogg.nu\/index.php?rest_route=\/wp\/v2\/posts\/1058\/revisions\/6084"}],"wp:attachment":[{"href":"http:\/\/www.filindeblogg.nu\/index.php?rest_route=%2Fwp%2Fv2%2Fmedia&parent=1058"}],"wp:term":[{"taxonomy":"category","embeddable":true,"href":"http:\/\/www.filindeblogg.nu\/index.php?rest_route=%2Fwp%2Fv2%2Fcategories&post=1058"},{"taxonomy":"post_tag","embeddable":true,"href":"http:\/\/www.filindeblogg.nu\/index.php?rest_route=%2Fwp%2Fv2%2Ftags&post=1058"}],"curies":[{"name":"wp","href":"https:\/\/api.w.org\/{rel}","templated":true}]}}